{"id":2245,"date":"2012-07-08T14:34:19","date_gmt":"2012-07-08T17:34:19","guid":{"rendered":"http:\/\/archivosonoro.com.ar\/?p=2245"},"modified":"2012-07-08T14:34:19","modified_gmt":"2012-07-08T17:34:19","slug":"las-camaras-empresarias-y-la-reforma-tarifaria-2","status":"publish","type":"post","link":"https:\/\/archivosonoro.com.ar\/wordpress\/?p=2245","title":{"rendered":"Las c\u00e1maras empresarias y la reforma tarifaria."},"content":{"rendered":"<p>Con la incorporaci\u00f3n al debate de Jos\u00e9 Alfredo Navarro, representando a la C\u00e1mara de Autotransporte Empresario de la provincia, se inici\u00f3 el segundo bloque de \u00abDos Preguntan\u00bb. Navarro habl\u00f3 de la situaci\u00f3n del transporte empresario en la provincia y confirm\u00f3 que el trasporte de carga de la provincia ha disminu\u00eddo un 25% en los \u00faltimos meses.<br \/>\nPor su parte, Pablo Canga de la Sociedad Rural resalt\u00f3 las diferencias del sector con la norma propuesta por el ejecutivo y los encuentros con bloques legislativos en donde se expuso la postura del campo.<br \/>\nDesde la UIF, Hernan Guanciroli afirm\u00f3 que el impuesto que se pretende para la industria: \u00abnos deja fuera de competitividad con el resto de las empresas que se pueden dar en el continente\u00bb.<br \/>\nJos\u00e9 Luis Iglesias manifest\u00f3 la preocupaci\u00f3n del sector mercantil: \u00abno entender que este impuesto afecta a toda la comunidad, afecta a todo el aparto productivo, afecta al sostenimiento y mantenimiento de los puestos laborales y decirle vamos a ponerle tanta al\u00edcuota a este sector y a este otro, me parece por lo menos un desatino y una improvisaci\u00f3n manifiesta\u00bb.<br \/>\nEn coincidencia con la UIF, desde la industria textil, Poggi manifest\u00f3 que peligra la competitividad del sector ante el nuevo impuesto.<\/p>\n","protected":false},"excerpt":{"rendered":"<p>Con la incorporaci\u00f3n al debate de Jos\u00e9 Alfredo Navarro, representando a la C\u00e1mara de Autotransporte Empresario de la provincia, se inici\u00f3 el segundo bloque de \u00abDos Preguntan\u00bb. Navarro habl\u00f3 de la situaci\u00f3n del transporte empresario en la provincia y confirm\u00f3 que el trasporte de carga de la provincia ha disminu\u00eddo un 25% en los \u00faltimos [&hellip;]<\/p>\n","protected":false},"author":7,"featured_media":0,"comment_status":"open","ping_status":"open","sticky":false,"template":"","format":"standard","meta":{"footnotes":""},"categories":[543],"tags":[156,701,425,392,702],"class_list":["post-2245","post","type-post","status-publish","format-standard","hentry","category-fm-universidad","tag-canga","tag-guanciroli","tag-iglesias","tag-navarro","tag-poggi"],"_links":{"self":[{"href":"https:\/\/archivosonoro.com.ar\/wordpress\/index.php?rest_route=\/wp\/v2\/posts\/2245","targetHints":{"allow":["GET"]}}],"collection":[{"href":"https:\/\/archivosonoro.com.ar\/wordpress\/index.php?rest_route=\/wp\/v2\/posts"}],"about":[{"href":"https:\/\/archivosonoro.com.ar\/wordpress\/index.php?rest_route=\/wp\/v2\/types\/post"}],"author":[{"embeddable":true,"href":"https:\/\/archivosonoro.com.ar\/wordpress\/index.php?rest_route=\/wp\/v2\/users\/7"}],"replies":[{"embeddable":true,"href":"https:\/\/archivosonoro.com.ar\/wordpress\/index.php?rest_route=%2Fwp%2Fv2%2Fcomments&post=2245"}],"version-history":[{"count":1,"href":"https:\/\/archivosonoro.com.ar\/wordpress\/index.php?rest_route=\/wp\/v2\/posts\/2245\/revisions"}],"predecessor-version":[{"id":2246,"href":"https:\/\/archivosonoro.com.ar\/wordpress\/index.php?rest_route=\/wp\/v2\/posts\/2245\/revisions\/2246"}],"wp:attachment":[{"href":"https:\/\/archivosonoro.com.ar\/wordpress\/index.php?rest_route=%2Fwp%2Fv2%2Fmedia&parent=2245"}],"wp:term":[{"taxonomy":"category","embeddable":true,"href":"https:\/\/archivosonoro.com.ar\/wordpress\/index.php?rest_route=%2Fwp%2Fv2%2Fcategories&post=2245"},{"taxonomy":"post_tag","embeddable":true,"href":"https:\/\/archivosonoro.com.ar\/wordpress\/index.php?rest_route=%2Fwp%2Fv2%2Ftags&post=2245"}],"curies":[{"name":"wp","href":"https:\/\/api.w.org\/{rel}","templated":true}]}}