{"id":2242,"date":"2012-07-07T12:15:46","date_gmt":"2012-07-07T15:15:46","guid":{"rendered":"http:\/\/archivosonoro.com.ar\/?p=2242"},"modified":"2012-07-07T12:15:46","modified_gmt":"2012-07-07T15:15:46","slug":"las-camaras-empresarias-y-la-reforma-tarifaria","status":"publish","type":"post","link":"https:\/\/archivosonoro.com.ar\/wordpress\/?p=2242","title":{"rendered":"Las c\u00e1maras empresarias y la reforma tarifaria."},"content":{"rendered":"<p>La problem\u00e1tica de cada sector y c\u00f3mo afectar\u00eda la aplicaci\u00f3n de la reforma tributaria que impulsa el gobierno de la provincia, es el tema que se debate en la ma\u00f1ana de FM Universidad.<br \/>\nDurante el primer bloque, se present\u00f3 cada uno de los participantes: por el sector rural, Pablo Canga y Juan Apolinaire, por la UIF, Hernan Guanciroli, Ricardo Pietri del sector textil, Jos\u00e9 Luis Iglesias, por la C\u00e1mara de Comercio y Francisco Gimenez, Presidente del Colegio de abogados de R\u00edo Grande.<\/p>\n","protected":false},"excerpt":{"rendered":"<p>La problem\u00e1tica de cada sector y c\u00f3mo afectar\u00eda la aplicaci\u00f3n de la reforma tributaria que impulsa el gobierno de la provincia, es el tema que se debate en la ma\u00f1ana de FM Universidad. Durante el primer bloque, se present\u00f3 cada uno de los participantes: por el sector rural, Pablo Canga y Juan Apolinaire, por la [&hellip;]<\/p>\n","protected":false},"author":7,"featured_media":0,"comment_status":"open","ping_status":"open","sticky":false,"template":"","format":"standard","meta":{"footnotes":""},"categories":[543],"tags":[],"class_list":["post-2242","post","type-post","status-publish","format-standard","hentry","category-fm-universidad"],"_links":{"self":[{"href":"https:\/\/archivosonoro.com.ar\/wordpress\/index.php?rest_route=\/wp\/v2\/posts\/2242","targetHints":{"allow":["GET"]}}],"collection":[{"href":"https:\/\/archivosonoro.com.ar\/wordpress\/index.php?rest_route=\/wp\/v2\/posts"}],"about":[{"href":"https:\/\/archivosonoro.com.ar\/wordpress\/index.php?rest_route=\/wp\/v2\/types\/post"}],"author":[{"embeddable":true,"href":"https:\/\/archivosonoro.com.ar\/wordpress\/index.php?rest_route=\/wp\/v2\/users\/7"}],"replies":[{"embeddable":true,"href":"https:\/\/archivosonoro.com.ar\/wordpress\/index.php?rest_route=%2Fwp%2Fv2%2Fcomments&post=2242"}],"version-history":[{"count":1,"href":"https:\/\/archivosonoro.com.ar\/wordpress\/index.php?rest_route=\/wp\/v2\/posts\/2242\/revisions"}],"predecessor-version":[{"id":2243,"href":"https:\/\/archivosonoro.com.ar\/wordpress\/index.php?rest_route=\/wp\/v2\/posts\/2242\/revisions\/2243"}],"wp:attachment":[{"href":"https:\/\/archivosonoro.com.ar\/wordpress\/index.php?rest_route=%2Fwp%2Fv2%2Fmedia&parent=2242"}],"wp:term":[{"taxonomy":"category","embeddable":true,"href":"https:\/\/archivosonoro.com.ar\/wordpress\/index.php?rest_route=%2Fwp%2Fv2%2Fcategories&post=2242"},{"taxonomy":"post_tag","embeddable":true,"href":"https:\/\/archivosonoro.com.ar\/wordpress\/index.php?rest_route=%2Fwp%2Fv2%2Ftags&post=2242"}],"curies":[{"name":"wp","href":"https:\/\/api.w.org\/{rel}","templated":true}]}}