{"id":2240,"date":"2012-07-07T12:03:07","date_gmt":"2012-07-07T15:03:07","guid":{"rendered":"http:\/\/archivosonoro.com.ar\/?p=2240"},"modified":"2012-07-07T12:03:07","modified_gmt":"2012-07-07T15:03:07","slug":"pedrozo-d-los-trabajadores-de-vialidad-lograron-una-importante-ley","status":"publish","type":"post","link":"https:\/\/archivosonoro.com.ar\/wordpress\/?p=2240","title":{"rendered":"Pedrozo D: Los trabajadores de vialidad lograron una importante ley."},"content":{"rendered":"<p>Los trabajadores de Vialidad Provincial lograron la aprobaci\u00f3n de una ley que les permitir\u00e1 manejar fondos propios. El Secretario General del Sindicato, Daniel Pedrozo, explic\u00f3 la importancia de esta norma aprobada en la \u00faltima sesi\u00f3n legislativa en \u00abEl Correo de los s\u00e1bados\u00bb.<br \/>\nEn otro tramo de la entrevista cuestion\u00f3 la tercerizaci\u00f3n de los trabajos \u00abcuando nosotros podemos hacerla\u00bb, habl\u00f3 del convenio colectivo de trabajo que enmarca a los trabajadores de vialidad y concluy\u00f3 con la opini\u00f3n sobre la falta de aplicaci\u00f3n de la Ley 844.<\/p>\n","protected":false},"excerpt":{"rendered":"<p>Los trabajadores de Vialidad Provincial lograron la aprobaci\u00f3n de una ley que les permitir\u00e1 manejar fondos propios. El Secretario General del Sindicato, Daniel Pedrozo, explic\u00f3 la importancia de esta norma aprobada en la \u00faltima sesi\u00f3n legislativa en \u00abEl Correo de los s\u00e1bados\u00bb. En otro tramo de la entrevista cuestion\u00f3 la tercerizaci\u00f3n de los trabajos \u00abcuando [&hellip;]<\/p>\n","protected":false},"author":7,"featured_media":0,"comment_status":"open","ping_status":"open","sticky":false,"template":"","format":"standard","meta":{"footnotes":""},"categories":[14],"tags":[700],"class_list":["post-2240","post","type-post","status-publish","format-standard","hentry","category-fm-del-sol","tag-pedrozo"],"_links":{"self":[{"href":"https:\/\/archivosonoro.com.ar\/wordpress\/index.php?rest_route=\/wp\/v2\/posts\/2240","targetHints":{"allow":["GET"]}}],"collection":[{"href":"https:\/\/archivosonoro.com.ar\/wordpress\/index.php?rest_route=\/wp\/v2\/posts"}],"about":[{"href":"https:\/\/archivosonoro.com.ar\/wordpress\/index.php?rest_route=\/wp\/v2\/types\/post"}],"author":[{"embeddable":true,"href":"https:\/\/archivosonoro.com.ar\/wordpress\/index.php?rest_route=\/wp\/v2\/users\/7"}],"replies":[{"embeddable":true,"href":"https:\/\/archivosonoro.com.ar\/wordpress\/index.php?rest_route=%2Fwp%2Fv2%2Fcomments&post=2240"}],"version-history":[{"count":1,"href":"https:\/\/archivosonoro.com.ar\/wordpress\/index.php?rest_route=\/wp\/v2\/posts\/2240\/revisions"}],"predecessor-version":[{"id":2241,"href":"https:\/\/archivosonoro.com.ar\/wordpress\/index.php?rest_route=\/wp\/v2\/posts\/2240\/revisions\/2241"}],"wp:attachment":[{"href":"https:\/\/archivosonoro.com.ar\/wordpress\/index.php?rest_route=%2Fwp%2Fv2%2Fmedia&parent=2240"}],"wp:term":[{"taxonomy":"category","embeddable":true,"href":"https:\/\/archivosonoro.com.ar\/wordpress\/index.php?rest_route=%2Fwp%2Fv2%2Fcategories&post=2240"},{"taxonomy":"post_tag","embeddable":true,"href":"https:\/\/archivosonoro.com.ar\/wordpress\/index.php?rest_route=%2Fwp%2Fv2%2Ftags&post=2240"}],"curies":[{"name":"wp","href":"https:\/\/api.w.org\/{rel}","templated":true}]}}