{"id":2199,"date":"2012-07-05T12:07:29","date_gmt":"2012-07-05T15:07:29","guid":{"rendered":"http:\/\/archivosonoro.com.ar\/?p=2199"},"modified":"2012-07-05T12:07:29","modified_gmt":"2012-07-05T15:07:29","slug":"sciurano-f-las-cosas-estan-como-corresponde","status":"publish","type":"post","link":"https:\/\/archivosonoro.com.ar\/wordpress\/?p=2199","title":{"rendered":"Sciurano F: \u00abLas cosas est\u00e1n como corresponde\u00bb"},"content":{"rendered":"<p>\u00abLas cosas est\u00e1n como corresponde. Hay visiones de una situaci\u00f3n que es tensa\u00bb, respondi\u00f3 Federico Sciurano al ser consultado por la reuni\u00f3n mantenida ayer con los legisladores radicales tras su rechazo a la pr\u00f3rroga por la Ley 648. En declaraciones a FM Ritual, el intendente de Ushuaia afirm\u00f3: \u00abestas responsabilidades que tenemos y este conflicto en el que hoy estamos,  supera la visi\u00f3n \u00fanicamente partidaria\u00bb y rechaz\u00f3 enfrentamientos con Melella y los legisladores.<\/p>\n","protected":false},"excerpt":{"rendered":"<p>\u00abLas cosas est\u00e1n como corresponde. Hay visiones de una situaci\u00f3n que es tensa\u00bb, respondi\u00f3 Federico Sciurano al ser consultado por la reuni\u00f3n mantenida ayer con los legisladores radicales tras su rechazo a la pr\u00f3rroga por la Ley 648. En declaraciones a FM Ritual, el intendente de Ushuaia afirm\u00f3: \u00abestas responsabilidades que tenemos y este conflicto [&hellip;]<\/p>\n","protected":false},"author":7,"featured_media":0,"comment_status":"open","ping_status":"open","sticky":false,"template":"","format":"standard","meta":{"footnotes":""},"categories":[542],"tags":[74,151],"class_list":["post-2199","post","type-post","status-publish","format-standard","hentry","category-fm-ritual","tag-melella","tag-sciurano"],"_links":{"self":[{"href":"https:\/\/archivosonoro.com.ar\/wordpress\/index.php?rest_route=\/wp\/v2\/posts\/2199","targetHints":{"allow":["GET"]}}],"collection":[{"href":"https:\/\/archivosonoro.com.ar\/wordpress\/index.php?rest_route=\/wp\/v2\/posts"}],"about":[{"href":"https:\/\/archivosonoro.com.ar\/wordpress\/index.php?rest_route=\/wp\/v2\/types\/post"}],"author":[{"embeddable":true,"href":"https:\/\/archivosonoro.com.ar\/wordpress\/index.php?rest_route=\/wp\/v2\/users\/7"}],"replies":[{"embeddable":true,"href":"https:\/\/archivosonoro.com.ar\/wordpress\/index.php?rest_route=%2Fwp%2Fv2%2Fcomments&post=2199"}],"version-history":[{"count":1,"href":"https:\/\/archivosonoro.com.ar\/wordpress\/index.php?rest_route=\/wp\/v2\/posts\/2199\/revisions"}],"predecessor-version":[{"id":2200,"href":"https:\/\/archivosonoro.com.ar\/wordpress\/index.php?rest_route=\/wp\/v2\/posts\/2199\/revisions\/2200"}],"wp:attachment":[{"href":"https:\/\/archivosonoro.com.ar\/wordpress\/index.php?rest_route=%2Fwp%2Fv2%2Fmedia&parent=2199"}],"wp:term":[{"taxonomy":"category","embeddable":true,"href":"https:\/\/archivosonoro.com.ar\/wordpress\/index.php?rest_route=%2Fwp%2Fv2%2Fcategories&post=2199"},{"taxonomy":"post_tag","embeddable":true,"href":"https:\/\/archivosonoro.com.ar\/wordpress\/index.php?rest_route=%2Fwp%2Fv2%2Ftags&post=2199"}],"curies":[{"name":"wp","href":"https:\/\/api.w.org\/{rel}","templated":true}]}}