{"id":2197,"date":"2012-07-05T11:54:59","date_gmt":"2012-07-05T14:54:59","guid":{"rendered":"http:\/\/archivosonoro.com.ar\/?p=2197"},"modified":"2012-07-05T11:54:59","modified_gmt":"2012-07-05T14:54:59","slug":"mayoral-a-estamos-pagando-impuestos-bastante-altos-como-para-aumentarlos","status":"publish","type":"post","link":"https:\/\/archivosonoro.com.ar\/wordpress\/?p=2197","title":{"rendered":"Mayoral A: \u00abEstamos pagando impuestos bastante altos como para aumentarlos\u00bb."},"content":{"rendered":"<p>Luego de hacer una consideraci\u00f3n general sobre el pago de impuestos, Alejandro Mayoral resalt\u00f3 que la reducci\u00f3n de la tasa tributaria para la industria electr\u00f3nica en Tierra del Fuego se debe a la compensaci\u00f3n por la inversi\u00f3n que se est\u00e1 haciendo m\u00e1s el 4% que se paga para formar el fideicomiso de Tierra del Fuego en la pol\u00edtica nacional de compensar importaciones con exportaciones, \u00abpor lo tanto, nosotros estamos pagando ingresos brutos, una tasa de verificaci\u00f3n y estamos poniendo el 4% de nuestras ventas en un fideicomiso a los efectos de poder mantener el equilibrio del balance comercial del sector (&#8230;) me parece que nuestro sector ya tiene un gravamen suficientemente alto y suficientemente amplio como para aumentarlo\u00bb<\/p>\n","protected":false},"excerpt":{"rendered":"<p>Luego de hacer una consideraci\u00f3n general sobre el pago de impuestos, Alejandro Mayoral resalt\u00f3 que la reducci\u00f3n de la tasa tributaria para la industria electr\u00f3nica en Tierra del Fuego se debe a la compensaci\u00f3n por la inversi\u00f3n que se est\u00e1 haciendo m\u00e1s el 4% que se paga para formar el fideicomiso de Tierra del Fuego [&hellip;]<\/p>\n","protected":false},"author":7,"featured_media":0,"comment_status":"open","ping_status":"open","sticky":false,"template":"","format":"standard","meta":{"footnotes":""},"categories":[542],"tags":[456,455],"class_list":["post-2197","post","type-post","status-publish","format-standard","hentry","category-fm-ritual","tag-afarte","tag-mayoral"],"_links":{"self":[{"href":"https:\/\/archivosonoro.com.ar\/wordpress\/index.php?rest_route=\/wp\/v2\/posts\/2197","targetHints":{"allow":["GET"]}}],"collection":[{"href":"https:\/\/archivosonoro.com.ar\/wordpress\/index.php?rest_route=\/wp\/v2\/posts"}],"about":[{"href":"https:\/\/archivosonoro.com.ar\/wordpress\/index.php?rest_route=\/wp\/v2\/types\/post"}],"author":[{"embeddable":true,"href":"https:\/\/archivosonoro.com.ar\/wordpress\/index.php?rest_route=\/wp\/v2\/users\/7"}],"replies":[{"embeddable":true,"href":"https:\/\/archivosonoro.com.ar\/wordpress\/index.php?rest_route=%2Fwp%2Fv2%2Fcomments&post=2197"}],"version-history":[{"count":1,"href":"https:\/\/archivosonoro.com.ar\/wordpress\/index.php?rest_route=\/wp\/v2\/posts\/2197\/revisions"}],"predecessor-version":[{"id":2198,"href":"https:\/\/archivosonoro.com.ar\/wordpress\/index.php?rest_route=\/wp\/v2\/posts\/2197\/revisions\/2198"}],"wp:attachment":[{"href":"https:\/\/archivosonoro.com.ar\/wordpress\/index.php?rest_route=%2Fwp%2Fv2%2Fmedia&parent=2197"}],"wp:term":[{"taxonomy":"category","embeddable":true,"href":"https:\/\/archivosonoro.com.ar\/wordpress\/index.php?rest_route=%2Fwp%2Fv2%2Fcategories&post=2197"},{"taxonomy":"post_tag","embeddable":true,"href":"https:\/\/archivosonoro.com.ar\/wordpress\/index.php?rest_route=%2Fwp%2Fv2%2Ftags&post=2197"}],"curies":[{"name":"wp","href":"https:\/\/api.w.org\/{rel}","templated":true}]}}