{"id":2193,"date":"2012-07-05T02:58:05","date_gmt":"2012-07-05T05:58:05","guid":{"rendered":"http:\/\/archivosonoro.com.ar\/?p=2193"},"modified":"2012-07-05T02:58:05","modified_gmt":"2012-07-05T05:58:05","slug":"fuentes-j-necesitamos-legisladores-valientes","status":"publish","type":"post","link":"https:\/\/archivosonoro.com.ar\/wordpress\/?p=2193","title":{"rendered":"Fuentes J: \u00abNecesitamos legisladores valientes\u00bb."},"content":{"rendered":"<p>Dirigentes de ATE nacional visitan Ushuaia para tomar contacto en forma directa con los problemas locales. En di\u00e1logo con FM del Sur, Julio Fuentes habl\u00f3 de la coparticipaci\u00f3n federal y asegur\u00f3: \u00abde seguir as\u00ed vamos a terminar como estuvimos en un momento, con bonos, sin poder cobrar los sueldos y esto es anarqu\u00eda, esto es desorden, es no poder brindar los servicios a la poblaci\u00f3n\u00bb. El dirigente reclam\u00f3 legisladores valientes que se animen a discutir no para mal de nadie, sino para bien de todos los argentinos.<\/p>\n","protected":false},"excerpt":{"rendered":"<p>Dirigentes de ATE nacional visitan Ushuaia para tomar contacto en forma directa con los problemas locales. En di\u00e1logo con FM del Sur, Julio Fuentes habl\u00f3 de la coparticipaci\u00f3n federal y asegur\u00f3: \u00abde seguir as\u00ed vamos a terminar como estuvimos en un momento, con bonos, sin poder cobrar los sueldos y esto es anarqu\u00eda, esto es [&hellip;]<\/p>\n","protected":false},"author":7,"featured_media":0,"comment_status":"open","ping_status":"open","sticky":false,"template":"","format":"standard","meta":{"footnotes":""},"categories":[17],"tags":[10,696],"class_list":["post-2193","post","type-post","status-publish","format-standard","hentry","category-fm-del-sur","tag-ate","tag-fuentes"],"_links":{"self":[{"href":"https:\/\/archivosonoro.com.ar\/wordpress\/index.php?rest_route=\/wp\/v2\/posts\/2193","targetHints":{"allow":["GET"]}}],"collection":[{"href":"https:\/\/archivosonoro.com.ar\/wordpress\/index.php?rest_route=\/wp\/v2\/posts"}],"about":[{"href":"https:\/\/archivosonoro.com.ar\/wordpress\/index.php?rest_route=\/wp\/v2\/types\/post"}],"author":[{"embeddable":true,"href":"https:\/\/archivosonoro.com.ar\/wordpress\/index.php?rest_route=\/wp\/v2\/users\/7"}],"replies":[{"embeddable":true,"href":"https:\/\/archivosonoro.com.ar\/wordpress\/index.php?rest_route=%2Fwp%2Fv2%2Fcomments&post=2193"}],"version-history":[{"count":1,"href":"https:\/\/archivosonoro.com.ar\/wordpress\/index.php?rest_route=\/wp\/v2\/posts\/2193\/revisions"}],"predecessor-version":[{"id":2194,"href":"https:\/\/archivosonoro.com.ar\/wordpress\/index.php?rest_route=\/wp\/v2\/posts\/2193\/revisions\/2194"}],"wp:attachment":[{"href":"https:\/\/archivosonoro.com.ar\/wordpress\/index.php?rest_route=%2Fwp%2Fv2%2Fmedia&parent=2193"}],"wp:term":[{"taxonomy":"category","embeddable":true,"href":"https:\/\/archivosonoro.com.ar\/wordpress\/index.php?rest_route=%2Fwp%2Fv2%2Fcategories&post=2193"},{"taxonomy":"post_tag","embeddable":true,"href":"https:\/\/archivosonoro.com.ar\/wordpress\/index.php?rest_route=%2Fwp%2Fv2%2Ftags&post=2193"}],"curies":[{"name":"wp","href":"https:\/\/api.w.org\/{rel}","templated":true}]}}