{"id":2186,"date":"2012-07-04T11:49:23","date_gmt":"2012-07-04T14:49:23","guid":{"rendered":"http:\/\/archivosonoro.com.ar\/?p=2186"},"modified":"2012-07-04T11:49:23","modified_gmt":"2012-07-04T14:49:23","slug":"cordoba-m-los-sueldos-se-abonarian-el-viernes","status":"publish","type":"post","link":"https:\/\/archivosonoro.com.ar\/wordpress\/?p=2186","title":{"rendered":"Cordoba M: Los sueldos se abonar\u00edan el viernes."},"content":{"rendered":"<p>Marcelo C\u00f3rdoba se\u00f1al\u00f3 que cuentan con informaci\u00f3n extraoficial del Ministerio de Econom\u00eda y los sueldos se abonar\u00edan el viernes y a los pocos d\u00edas el aguinaldo en una sola cuota, sumado a esto, las declaraciones de la gobernadora en el acto por la inauguraci\u00f3n de una Comisar\u00eda en R\u00edo Grande. En declaraciones a FM Ritual, el dirigente de ATE se refiri\u00f3 al encuentro con el Secretario de Asuntos Gremiales, Lisandro Fonradona y la informaci\u00f3n extraoficial que el funcionario pudo aportar.<\/p>\n","protected":false},"excerpt":{"rendered":"<p>Marcelo C\u00f3rdoba se\u00f1al\u00f3 que cuentan con informaci\u00f3n extraoficial del Ministerio de Econom\u00eda y los sueldos se abonar\u00edan el viernes y a los pocos d\u00edas el aguinaldo en una sola cuota, sumado a esto, las declaraciones de la gobernadora en el acto por la inauguraci\u00f3n de una Comisar\u00eda en R\u00edo Grande. En declaraciones a FM Ritual, [&hellip;]<\/p>\n","protected":false},"author":7,"featured_media":0,"comment_status":"open","ping_status":"open","sticky":false,"template":"","format":"standard","meta":{"footnotes":""},"categories":[542],"tags":[13,179],"class_list":["post-2186","post","type-post","status-publish","format-standard","hentry","category-fm-ritual","tag-cordoba","tag-fonradona"],"_links":{"self":[{"href":"https:\/\/archivosonoro.com.ar\/wordpress\/index.php?rest_route=\/wp\/v2\/posts\/2186","targetHints":{"allow":["GET"]}}],"collection":[{"href":"https:\/\/archivosonoro.com.ar\/wordpress\/index.php?rest_route=\/wp\/v2\/posts"}],"about":[{"href":"https:\/\/archivosonoro.com.ar\/wordpress\/index.php?rest_route=\/wp\/v2\/types\/post"}],"author":[{"embeddable":true,"href":"https:\/\/archivosonoro.com.ar\/wordpress\/index.php?rest_route=\/wp\/v2\/users\/7"}],"replies":[{"embeddable":true,"href":"https:\/\/archivosonoro.com.ar\/wordpress\/index.php?rest_route=%2Fwp%2Fv2%2Fcomments&post=2186"}],"version-history":[{"count":1,"href":"https:\/\/archivosonoro.com.ar\/wordpress\/index.php?rest_route=\/wp\/v2\/posts\/2186\/revisions"}],"predecessor-version":[{"id":2187,"href":"https:\/\/archivosonoro.com.ar\/wordpress\/index.php?rest_route=\/wp\/v2\/posts\/2186\/revisions\/2187"}],"wp:attachment":[{"href":"https:\/\/archivosonoro.com.ar\/wordpress\/index.php?rest_route=%2Fwp%2Fv2%2Fmedia&parent=2186"}],"wp:term":[{"taxonomy":"category","embeddable":true,"href":"https:\/\/archivosonoro.com.ar\/wordpress\/index.php?rest_route=%2Fwp%2Fv2%2Fcategories&post=2186"},{"taxonomy":"post_tag","embeddable":true,"href":"https:\/\/archivosonoro.com.ar\/wordpress\/index.php?rest_route=%2Fwp%2Fv2%2Ftags&post=2186"}],"curies":[{"name":"wp","href":"https:\/\/api.w.org\/{rel}","templated":true}]}}