{"id":2152,"date":"2012-07-03T11:29:04","date_gmt":"2012-07-03T14:29:04","guid":{"rendered":"http:\/\/archivosonoro.com.ar\/?p=2152"},"modified":"2012-07-03T11:29:04","modified_gmt":"2012-07-03T14:29:04","slug":"perez-a-esperaran-al-viernes-por-el-pago-del-salario","status":"publish","type":"post","link":"https:\/\/archivosonoro.com.ar\/wordpress\/?p=2152","title":{"rendered":"Perez A: Esperar\u00e1n al viernes por el pago del salario."},"content":{"rendered":"<p>Se organiza un abrazo solidario al Hosp\u00edtal Regional de R\u00edo Grande: \u00abme parece b\u00e1rbaro que la comunidad que usa nuestro hospital d\u00e9 un apoyo\u00bb, dijo Alejandro Perez en FM Ritual.<br \/>\nEl dirigente de ATSA descart\u00f3 que este viernes tiene que estar depositado el salario y esperan el cronograma de pago del aguinaldo y adelant\u00f3  que podr\u00e1n desencadenarse medidas de fuerza si no se cumple en el plazo legal. Agreg\u00f3 que esta semana tienen que reunirse con Lisandro Fonradona para avanzar en temas relacionados con el pago de las guardias.<\/p>\n","protected":false},"excerpt":{"rendered":"<p>Se organiza un abrazo solidario al Hosp\u00edtal Regional de R\u00edo Grande: \u00abme parece b\u00e1rbaro que la comunidad que usa nuestro hospital d\u00e9 un apoyo\u00bb, dijo Alejandro Perez en FM Ritual. El dirigente de ATSA descart\u00f3 que este viernes tiene que estar depositado el salario y esperan el cronograma de pago del aguinaldo y adelant\u00f3 que [&hellip;]<\/p>\n","protected":false},"author":7,"featured_media":0,"comment_status":"open","ping_status":"open","sticky":false,"template":"","format":"standard","meta":{"footnotes":""},"categories":[542],"tags":[466],"class_list":["post-2152","post","type-post","status-publish","format-standard","hentry","category-fm-ritual","tag-perez"],"_links":{"self":[{"href":"https:\/\/archivosonoro.com.ar\/wordpress\/index.php?rest_route=\/wp\/v2\/posts\/2152","targetHints":{"allow":["GET"]}}],"collection":[{"href":"https:\/\/archivosonoro.com.ar\/wordpress\/index.php?rest_route=\/wp\/v2\/posts"}],"about":[{"href":"https:\/\/archivosonoro.com.ar\/wordpress\/index.php?rest_route=\/wp\/v2\/types\/post"}],"author":[{"embeddable":true,"href":"https:\/\/archivosonoro.com.ar\/wordpress\/index.php?rest_route=\/wp\/v2\/users\/7"}],"replies":[{"embeddable":true,"href":"https:\/\/archivosonoro.com.ar\/wordpress\/index.php?rest_route=%2Fwp%2Fv2%2Fcomments&post=2152"}],"version-history":[{"count":1,"href":"https:\/\/archivosonoro.com.ar\/wordpress\/index.php?rest_route=\/wp\/v2\/posts\/2152\/revisions"}],"predecessor-version":[{"id":2153,"href":"https:\/\/archivosonoro.com.ar\/wordpress\/index.php?rest_route=\/wp\/v2\/posts\/2152\/revisions\/2153"}],"wp:attachment":[{"href":"https:\/\/archivosonoro.com.ar\/wordpress\/index.php?rest_route=%2Fwp%2Fv2%2Fmedia&parent=2152"}],"wp:term":[{"taxonomy":"category","embeddable":true,"href":"https:\/\/archivosonoro.com.ar\/wordpress\/index.php?rest_route=%2Fwp%2Fv2%2Fcategories&post=2152"},{"taxonomy":"post_tag","embeddable":true,"href":"https:\/\/archivosonoro.com.ar\/wordpress\/index.php?rest_route=%2Fwp%2Fv2%2Ftags&post=2152"}],"curies":[{"name":"wp","href":"https:\/\/api.w.org\/{rel}","templated":true}]}}