{"id":2150,"date":"2012-07-03T11:14:48","date_gmt":"2012-07-03T14:14:48","guid":{"rendered":"http:\/\/archivosonoro.com.ar\/?p=2150"},"modified":"2012-07-03T11:14:48","modified_gmt":"2012-07-03T14:14:48","slug":"queno-c-el-aumento-de-coparticipacion-se-tratara-en-agosto","status":"publish","type":"post","link":"https:\/\/archivosonoro.com.ar\/wordpress\/?p=2150","title":{"rendered":"Queno C: El aumento de coparticipaci\u00f3n se tratar\u00e1 en agosto."},"content":{"rendered":"<p>El viernes se reuni\u00f3 el Intendente de Tolhuin, con funcionarios del ejecutivo provincial. \u00abUna de las cosas puntuales que se habl\u00f3 fue trabajar en conjunto para darle la finalizaci\u00f3n de una obra que tenemos ya hecha, asique una vez terminada la veda invernal terminamos con esa obra importante para el barrio que es de agua y cloacas y despu\u00e9s se charl\u00f3 el tema que ya est\u00e1 en trabajo administrativo para hacer la planta depuradora de l\u00edquidos cloacales\u00bb, se\u00f1al\u00f3 Claudio Queno en FM Ritual.<br \/>\nAdem\u00e1s, confirm\u00f3 que ya llegan a unos 9000 habitantes en el Coraz\u00f3n de la Isla resaltando que la parte de salud y educaci\u00f3n ha colapsado. El debate del aumento de presupuesto para la comuna pasar\u00e1 a los primeros d\u00edas de agosto por el receso invernal.<\/p>\n","protected":false},"excerpt":{"rendered":"<p>El viernes se reuni\u00f3 el Intendente de Tolhuin, con funcionarios del ejecutivo provincial. \u00abUna de las cosas puntuales que se habl\u00f3 fue trabajar en conjunto para darle la finalizaci\u00f3n de una obra que tenemos ya hecha, asique una vez terminada la veda invernal terminamos con esa obra importante para el barrio que es de agua [&hellip;]<\/p>\n","protected":false},"author":7,"featured_media":0,"comment_status":"open","ping_status":"open","sticky":false,"template":"","format":"standard","meta":{"footnotes":""},"categories":[542],"tags":[505,203],"class_list":["post-2150","post","type-post","status-publish","format-standard","hentry","category-fm-ritual","tag-queno","tag-tolhuin"],"_links":{"self":[{"href":"https:\/\/archivosonoro.com.ar\/wordpress\/index.php?rest_route=\/wp\/v2\/posts\/2150","targetHints":{"allow":["GET"]}}],"collection":[{"href":"https:\/\/archivosonoro.com.ar\/wordpress\/index.php?rest_route=\/wp\/v2\/posts"}],"about":[{"href":"https:\/\/archivosonoro.com.ar\/wordpress\/index.php?rest_route=\/wp\/v2\/types\/post"}],"author":[{"embeddable":true,"href":"https:\/\/archivosonoro.com.ar\/wordpress\/index.php?rest_route=\/wp\/v2\/users\/7"}],"replies":[{"embeddable":true,"href":"https:\/\/archivosonoro.com.ar\/wordpress\/index.php?rest_route=%2Fwp%2Fv2%2Fcomments&post=2150"}],"version-history":[{"count":1,"href":"https:\/\/archivosonoro.com.ar\/wordpress\/index.php?rest_route=\/wp\/v2\/posts\/2150\/revisions"}],"predecessor-version":[{"id":2151,"href":"https:\/\/archivosonoro.com.ar\/wordpress\/index.php?rest_route=\/wp\/v2\/posts\/2150\/revisions\/2151"}],"wp:attachment":[{"href":"https:\/\/archivosonoro.com.ar\/wordpress\/index.php?rest_route=%2Fwp%2Fv2%2Fmedia&parent=2150"}],"wp:term":[{"taxonomy":"category","embeddable":true,"href":"https:\/\/archivosonoro.com.ar\/wordpress\/index.php?rest_route=%2Fwp%2Fv2%2Fcategories&post=2150"},{"taxonomy":"post_tag","embeddable":true,"href":"https:\/\/archivosonoro.com.ar\/wordpress\/index.php?rest_route=%2Fwp%2Fv2%2Ftags&post=2150"}],"curies":[{"name":"wp","href":"https:\/\/api.w.org\/{rel}","templated":true}]}}