{"id":2148,"date":"2012-07-03T11:02:41","date_gmt":"2012-07-03T14:02:41","guid":{"rendered":"http:\/\/archivosonoro.com.ar\/?p=2148"},"modified":"2012-07-03T11:02:41","modified_gmt":"2012-07-03T14:02:41","slug":"cordoba-m-sigue-el-silencio-en-torno-al-cronograma-de-pago-de-la-administracion-publica","status":"publish","type":"post","link":"https:\/\/archivosonoro.com.ar\/wordpress\/?p=2148","title":{"rendered":"C\u00f3rdoba M: Sigue el silencio en torno al cronograma de pago de la administraci\u00f3n p\u00fablica."},"content":{"rendered":"<p>Sobre el cronograma de pago de la administraci\u00f3n p\u00fablica, Marcelo C\u00f3rdoba confirm\u00f3 que el Secretario de Asuntos Gremiales no pudo precisar la fecha y esboz\u00f3 la posibilidad que \u00abel viernes haya algo\u00bb. El Secretario General de ATE R\u00edo Grande opin\u00f3 en FM Ritual sobre el silencio de los funcionarios en este asunto y asegur\u00f3 que esperar\u00e1n al viernes, que es el quinto d\u00eda h\u00e1bil, plazo establecido por ley como l\u00edmite para efectivizar los haberes.<\/p>\n","protected":false},"excerpt":{"rendered":"<p>Sobre el cronograma de pago de la administraci\u00f3n p\u00fablica, Marcelo C\u00f3rdoba confirm\u00f3 que el Secretario de Asuntos Gremiales no pudo precisar la fecha y esboz\u00f3 la posibilidad que \u00abel viernes haya algo\u00bb. El Secretario General de ATE R\u00edo Grande opin\u00f3 en FM Ritual sobre el silencio de los funcionarios en este asunto y asegur\u00f3 que [&hellip;]<\/p>\n","protected":false},"author":7,"featured_media":0,"comment_status":"open","ping_status":"open","sticky":false,"template":"","format":"standard","meta":{"footnotes":""},"categories":[542],"tags":[13],"class_list":["post-2148","post","type-post","status-publish","format-standard","hentry","category-fm-ritual","tag-cordoba"],"_links":{"self":[{"href":"https:\/\/archivosonoro.com.ar\/wordpress\/index.php?rest_route=\/wp\/v2\/posts\/2148","targetHints":{"allow":["GET"]}}],"collection":[{"href":"https:\/\/archivosonoro.com.ar\/wordpress\/index.php?rest_route=\/wp\/v2\/posts"}],"about":[{"href":"https:\/\/archivosonoro.com.ar\/wordpress\/index.php?rest_route=\/wp\/v2\/types\/post"}],"author":[{"embeddable":true,"href":"https:\/\/archivosonoro.com.ar\/wordpress\/index.php?rest_route=\/wp\/v2\/users\/7"}],"replies":[{"embeddable":true,"href":"https:\/\/archivosonoro.com.ar\/wordpress\/index.php?rest_route=%2Fwp%2Fv2%2Fcomments&post=2148"}],"version-history":[{"count":1,"href":"https:\/\/archivosonoro.com.ar\/wordpress\/index.php?rest_route=\/wp\/v2\/posts\/2148\/revisions"}],"predecessor-version":[{"id":2149,"href":"https:\/\/archivosonoro.com.ar\/wordpress\/index.php?rest_route=\/wp\/v2\/posts\/2148\/revisions\/2149"}],"wp:attachment":[{"href":"https:\/\/archivosonoro.com.ar\/wordpress\/index.php?rest_route=%2Fwp%2Fv2%2Fmedia&parent=2148"}],"wp:term":[{"taxonomy":"category","embeddable":true,"href":"https:\/\/archivosonoro.com.ar\/wordpress\/index.php?rest_route=%2Fwp%2Fv2%2Fcategories&post=2148"},{"taxonomy":"post_tag","embeddable":true,"href":"https:\/\/archivosonoro.com.ar\/wordpress\/index.php?rest_route=%2Fwp%2Fv2%2Ftags&post=2148"}],"curies":[{"name":"wp","href":"https:\/\/api.w.org\/{rel}","templated":true}]}}