{"id":2139,"date":"2012-07-02T12:00:14","date_gmt":"2012-07-02T15:00:14","guid":{"rendered":"http:\/\/archivosonoro.com.ar\/?p=2139"},"modified":"2012-07-02T12:00:14","modified_gmt":"2012-07-02T15:00:14","slug":"martinez-m-ipauss-estan-citados-el-ejecutivo-y-el-tribunal-de-cuentas","status":"publish","type":"post","link":"https:\/\/archivosonoro.com.ar\/wordpress\/?p=2139","title":{"rendered":"Martinez M: IPAUSS: est\u00e1n citados el ejecutivo y el Tribunal de Cuentas."},"content":{"rendered":"<p>Legisladores del FPV se reunieron el pasado viernes con la cooperativa de taxis para plantear su postura frente a la reforma tarifaria que elevara el ejecutivo provincial a la C\u00e1mara Legislativa. \u00abLes impactar\u00eda en una forma muy profunda\u00bb, se\u00f1al\u00f3 Miriam Mart\u00ednez quien asegur\u00f3 que de aprobar la ley sin reformas, llevar\u00eda al sector a un aumento de tarifa. Adem\u00e1s, dijo que el aumento de los ingresos brutos, es de los 4 proyectos el que m\u00e1s rechazo tiene.<br \/>\nMart\u00ednez respondi\u00f3 en FM Radio Uno al legislador radical que cuestion\u00f3 la oposici\u00f3n del bloque del FPV tild\u00e1ndolos de oportunistas: \u00abtal vez el legislador quiere ser oficialista, tal vez representa al oficialismo desde su lugar, que se yo\u00bb, e invit\u00f3 a leer las notas completas y comprender lo que se lee.<br \/>\nEn relaci\u00f3n al pase a archivo del proyecto de la escuela de Almanza resalt\u00f3 \u00ablo que no nos gust\u00f3 fue la manera\u00bb y finalmente, abord\u00f3 el tema IPAUSS. De la certificaci\u00f3n de deuda que lleg\u00f3 a la Legislatura, mencion\u00f3 que est\u00e1n citados el Tribunal de Cuentas y el Ejecutivo provincial y resalt\u00f3 el tema de los intereses que el IPAUSS le est\u00e1 cobrando a las municipalidades.<\/p>\n","protected":false},"excerpt":{"rendered":"<p>Legisladores del FPV se reunieron el pasado viernes con la cooperativa de taxis para plantear su postura frente a la reforma tarifaria que elevara el ejecutivo provincial a la C\u00e1mara Legislativa. \u00abLes impactar\u00eda en una forma muy profunda\u00bb, se\u00f1al\u00f3 Miriam Mart\u00ednez quien asegur\u00f3 que de aprobar la ley sin reformas, llevar\u00eda al sector a un [&hellip;]<\/p>\n","protected":false},"author":7,"featured_media":0,"comment_status":"open","ping_status":"open","sticky":false,"template":"","format":"standard","meta":{"footnotes":""},"categories":[41],"tags":[5,39],"class_list":["post-2139","post","type-post","status-publish","format-standard","hentry","category-radio-uno","tag-ipauss","tag-martinez"],"_links":{"self":[{"href":"https:\/\/archivosonoro.com.ar\/wordpress\/index.php?rest_route=\/wp\/v2\/posts\/2139","targetHints":{"allow":["GET"]}}],"collection":[{"href":"https:\/\/archivosonoro.com.ar\/wordpress\/index.php?rest_route=\/wp\/v2\/posts"}],"about":[{"href":"https:\/\/archivosonoro.com.ar\/wordpress\/index.php?rest_route=\/wp\/v2\/types\/post"}],"author":[{"embeddable":true,"href":"https:\/\/archivosonoro.com.ar\/wordpress\/index.php?rest_route=\/wp\/v2\/users\/7"}],"replies":[{"embeddable":true,"href":"https:\/\/archivosonoro.com.ar\/wordpress\/index.php?rest_route=%2Fwp%2Fv2%2Fcomments&post=2139"}],"version-history":[{"count":1,"href":"https:\/\/archivosonoro.com.ar\/wordpress\/index.php?rest_route=\/wp\/v2\/posts\/2139\/revisions"}],"predecessor-version":[{"id":2140,"href":"https:\/\/archivosonoro.com.ar\/wordpress\/index.php?rest_route=\/wp\/v2\/posts\/2139\/revisions\/2140"}],"wp:attachment":[{"href":"https:\/\/archivosonoro.com.ar\/wordpress\/index.php?rest_route=%2Fwp%2Fv2%2Fmedia&parent=2139"}],"wp:term":[{"taxonomy":"category","embeddable":true,"href":"https:\/\/archivosonoro.com.ar\/wordpress\/index.php?rest_route=%2Fwp%2Fv2%2Fcategories&post=2139"},{"taxonomy":"post_tag","embeddable":true,"href":"https:\/\/archivosonoro.com.ar\/wordpress\/index.php?rest_route=%2Fwp%2Fv2%2Ftags&post=2139"}],"curies":[{"name":"wp","href":"https:\/\/api.w.org\/{rel}","templated":true}]}}