{"id":2131,"date":"2012-07-01T23:53:16","date_gmt":"2012-07-02T02:53:16","guid":{"rendered":"http:\/\/archivosonoro.com.ar\/?p=2131"},"modified":"2012-07-01T23:53:16","modified_gmt":"2012-07-02T02:53:16","slug":"arce-r-el-aumento-logrado-por-el-cecu-lo-vamos-a-tener-que-absorber-todos-los-consumidores-de-estos-grandes-supermercados","status":"publish","type":"post","link":"https:\/\/archivosonoro.com.ar\/wordpress\/?p=2131","title":{"rendered":"Arce R: El aumento logrado por el CECU \u00ablo vamos a tener que absorber todos los consumidores de estos grandes supermercados\u00bb"},"content":{"rendered":"<p>En declaraciones a Estaci\u00f3n Patagonia, el Secretario General del SUTEF habl\u00f3 de las diferencias de sueldos entre los trabajadores de la administraci\u00f3n central del gobierno de la provincia y los municipales, critic\u00f3 a la legisladora Del Corro, a la Ministra de Educaci\u00f3n Sandra Molina, a Victor D\u00edaz, militante de Encuentro Popular. Adem\u00e1s, habl\u00f3 del acuerdo salarial del Centro de Empleados de Comercio de Ushuaia con los supermercados se\u00f1al\u00e1ndolo como el que m\u00e1s llama la atenci\u00f3n: \u00ablo vamos a tener que absorber todos los consumidores de estos grandes supermercados\u00bb, dijo.<\/p>\n","protected":false},"excerpt":{"rendered":"<p>En declaraciones a Estaci\u00f3n Patagonia, el Secretario General del SUTEF habl\u00f3 de las diferencias de sueldos entre los trabajadores de la administraci\u00f3n central del gobierno de la provincia y los municipales, critic\u00f3 a la legisladora Del Corro, a la Ministra de Educaci\u00f3n Sandra Molina, a Victor D\u00edaz, militante de Encuentro Popular. Adem\u00e1s, habl\u00f3 del acuerdo [&hellip;]<\/p>\n","protected":false},"author":7,"featured_media":0,"comment_status":"open","ping_status":"open","sticky":false,"template":"","format":"standard","meta":{"footnotes":""},"categories":[634],"tags":[427,351,22,57,254],"class_list":["post-2131","post","type-post","status-publish","format-standard","hentry","category-estacion-patagonia","tag-arce","tag-cecu","tag-del-corro","tag-diaz","tag-molina"],"_links":{"self":[{"href":"https:\/\/archivosonoro.com.ar\/wordpress\/index.php?rest_route=\/wp\/v2\/posts\/2131","targetHints":{"allow":["GET"]}}],"collection":[{"href":"https:\/\/archivosonoro.com.ar\/wordpress\/index.php?rest_route=\/wp\/v2\/posts"}],"about":[{"href":"https:\/\/archivosonoro.com.ar\/wordpress\/index.php?rest_route=\/wp\/v2\/types\/post"}],"author":[{"embeddable":true,"href":"https:\/\/archivosonoro.com.ar\/wordpress\/index.php?rest_route=\/wp\/v2\/users\/7"}],"replies":[{"embeddable":true,"href":"https:\/\/archivosonoro.com.ar\/wordpress\/index.php?rest_route=%2Fwp%2Fv2%2Fcomments&post=2131"}],"version-history":[{"count":1,"href":"https:\/\/archivosonoro.com.ar\/wordpress\/index.php?rest_route=\/wp\/v2\/posts\/2131\/revisions"}],"predecessor-version":[{"id":2132,"href":"https:\/\/archivosonoro.com.ar\/wordpress\/index.php?rest_route=\/wp\/v2\/posts\/2131\/revisions\/2132"}],"wp:attachment":[{"href":"https:\/\/archivosonoro.com.ar\/wordpress\/index.php?rest_route=%2Fwp%2Fv2%2Fmedia&parent=2131"}],"wp:term":[{"taxonomy":"category","embeddable":true,"href":"https:\/\/archivosonoro.com.ar\/wordpress\/index.php?rest_route=%2Fwp%2Fv2%2Fcategories&post=2131"},{"taxonomy":"post_tag","embeddable":true,"href":"https:\/\/archivosonoro.com.ar\/wordpress\/index.php?rest_route=%2Fwp%2Fv2%2Ftags&post=2131"}],"curies":[{"name":"wp","href":"https:\/\/api.w.org\/{rel}","templated":true}]}}