{"id":2130,"date":"2012-07-01T23:53:25","date_gmt":"2012-07-02T02:53:25","guid":{"rendered":"http:\/\/archivosonoro.com.ar\/?p=2130"},"modified":"2012-07-01T23:53:25","modified_gmt":"2012-07-02T02:53:25","slug":"arce-r-estamos-de-acuerdo-con-la-inversion-del-25-como-minimo-para-salud-y-educacion-del-presupuesto-general","status":"publish","type":"post","link":"https:\/\/archivosonoro.com.ar\/wordpress\/?p=2130","title":{"rendered":"Arce R: \u00abEstamos de acuerdo con la inversi\u00f3n del 25% como m\u00ednimo para salud y educaci\u00f3n del presupuesto general\u00bb."},"content":{"rendered":"<p>Desde el SUTEF Ra\u00fal Arce fij\u00f3 postura con respecto a la declaraci\u00f3n de certeza presentada por el gobierno y que deber\u00e1 decidir el Superior Tribunal de Justicia en relaci\u00f3n a la coparticipaci\u00f3n a los municipios: \u00abTratamos de no ser tan medi\u00e1ticos en este punto porque estamos de acuerdo con lo que contiene la ley, es decir, la inversi\u00f3n del 25% como m\u00ednimo para salud y educaci\u00f3n del presupuesto general, lo que no significa que se avale lo que se est\u00e1 tratando de hacer que es el recorte a los municipios. Pero a\u00fan si fuera esto, nada garantiza que de uno u otro lado se est\u00e9 invirtiendo en beneficio del pueblo, ni del lado de la gobernadora ni del lado de los municipios\u00bb afirm\u00f3.<\/p>\n","protected":false},"excerpt":{"rendered":"<p>Desde el SUTEF Ra\u00fal Arce fij\u00f3 postura con respecto a la declaraci\u00f3n de certeza presentada por el gobierno y que deber\u00e1 decidir el Superior Tribunal de Justicia en relaci\u00f3n a la coparticipaci\u00f3n a los municipios: \u00abTratamos de no ser tan medi\u00e1ticos en este punto porque estamos de acuerdo con lo que contiene la ley, es [&hellip;]<\/p>\n","protected":false},"author":7,"featured_media":0,"comment_status":"open","ping_status":"open","sticky":false,"template":"","format":"standard","meta":{"footnotes":""},"categories":[634],"tags":[427],"class_list":["post-2130","post","type-post","status-publish","format-standard","hentry","category-estacion-patagonia","tag-arce"],"_links":{"self":[{"href":"https:\/\/archivosonoro.com.ar\/wordpress\/index.php?rest_route=\/wp\/v2\/posts\/2130","targetHints":{"allow":["GET"]}}],"collection":[{"href":"https:\/\/archivosonoro.com.ar\/wordpress\/index.php?rest_route=\/wp\/v2\/posts"}],"about":[{"href":"https:\/\/archivosonoro.com.ar\/wordpress\/index.php?rest_route=\/wp\/v2\/types\/post"}],"author":[{"embeddable":true,"href":"https:\/\/archivosonoro.com.ar\/wordpress\/index.php?rest_route=\/wp\/v2\/users\/7"}],"replies":[{"embeddable":true,"href":"https:\/\/archivosonoro.com.ar\/wordpress\/index.php?rest_route=%2Fwp%2Fv2%2Fcomments&post=2130"}],"version-history":[{"count":1,"href":"https:\/\/archivosonoro.com.ar\/wordpress\/index.php?rest_route=\/wp\/v2\/posts\/2130\/revisions"}],"predecessor-version":[{"id":2133,"href":"https:\/\/archivosonoro.com.ar\/wordpress\/index.php?rest_route=\/wp\/v2\/posts\/2130\/revisions\/2133"}],"wp:attachment":[{"href":"https:\/\/archivosonoro.com.ar\/wordpress\/index.php?rest_route=%2Fwp%2Fv2%2Fmedia&parent=2130"}],"wp:term":[{"taxonomy":"category","embeddable":true,"href":"https:\/\/archivosonoro.com.ar\/wordpress\/index.php?rest_route=%2Fwp%2Fv2%2Fcategories&post=2130"},{"taxonomy":"post_tag","embeddable":true,"href":"https:\/\/archivosonoro.com.ar\/wordpress\/index.php?rest_route=%2Fwp%2Fv2%2Ftags&post=2130"}],"curies":[{"name":"wp","href":"https:\/\/api.w.org\/{rel}","templated":true}]}}