{"id":2115,"date":"2012-07-01T17:00:03","date_gmt":"2012-07-01T20:00:03","guid":{"rendered":"http:\/\/archivosonoro.com.ar\/?p=2115"},"modified":"2012-07-01T19:26:23","modified_gmt":"2012-07-01T22:26:23","slug":"reforma-tributaria-la-postura-del-sector-rural-4","status":"publish","type":"post","link":"https:\/\/archivosonoro.com.ar\/wordpress\/?p=2115","title":{"rendered":"Reforma Tributaria: la postura del sector rural"},"content":{"rendered":"<p>En el \u00faltimo segmento de la ma\u00f1ana de FM Universidad, Juan Apolinaire particip\u00f3 v\u00eda telef\u00f3nica y confirm\u00f3: \u00abfui de los primeros en tener que liquidar las ovejas que me quedaban por la presi\u00f3n de los perros cimarrones\u00bb. De la reforma tributaria presentada por gobierno admiti\u00f3 que pagaron durante a\u00f1os \u00abvalores viles\u00bb, y al igual que Pastoriza habl\u00f3 de la capacidad tributaria del sector y cuestion\u00f3 la constitucionalidad  del proyecto elevado a la Legislatura.<br \/>\nPor su parte, Paulo Gea, responsable del INTA, resumi\u00f3 las tareas que desarrollan en la provincia y cada panelista, evalu\u00f3 el desarrollo del tema a trav\u00e9s de \u00abDos preguntan\u00bb.<\/p>\n","protected":false},"excerpt":{"rendered":"<p>En el \u00faltimo segmento de la ma\u00f1ana de FM Universidad, Juan Apolinaire particip\u00f3 v\u00eda telef\u00f3nica y confirm\u00f3: \u00abfui de los primeros en tener que liquidar las ovejas que me quedaban por la presi\u00f3n de los perros cimarrones\u00bb. De la reforma tributaria presentada por gobierno admiti\u00f3 que pagaron durante a\u00f1os \u00abvalores viles\u00bb, y al igual que [&hellip;]<\/p>\n","protected":false},"author":7,"featured_media":0,"comment_status":"open","ping_status":"open","sticky":false,"template":"","format":"standard","meta":{"footnotes":""},"categories":[543],"tags":[687,686,684],"class_list":["post-2115","post","type-post","status-publish","format-standard","hentry","category-fm-universidad","tag-apolinaire","tag-gea","tag-pastoriza"],"_links":{"self":[{"href":"https:\/\/archivosonoro.com.ar\/wordpress\/index.php?rest_route=\/wp\/v2\/posts\/2115","targetHints":{"allow":["GET"]}}],"collection":[{"href":"https:\/\/archivosonoro.com.ar\/wordpress\/index.php?rest_route=\/wp\/v2\/posts"}],"about":[{"href":"https:\/\/archivosonoro.com.ar\/wordpress\/index.php?rest_route=\/wp\/v2\/types\/post"}],"author":[{"embeddable":true,"href":"https:\/\/archivosonoro.com.ar\/wordpress\/index.php?rest_route=\/wp\/v2\/users\/7"}],"replies":[{"embeddable":true,"href":"https:\/\/archivosonoro.com.ar\/wordpress\/index.php?rest_route=%2Fwp%2Fv2%2Fcomments&post=2115"}],"version-history":[{"count":3,"href":"https:\/\/archivosonoro.com.ar\/wordpress\/index.php?rest_route=\/wp\/v2\/posts\/2115\/revisions"}],"predecessor-version":[{"id":2127,"href":"https:\/\/archivosonoro.com.ar\/wordpress\/index.php?rest_route=\/wp\/v2\/posts\/2115\/revisions\/2127"}],"wp:attachment":[{"href":"https:\/\/archivosonoro.com.ar\/wordpress\/index.php?rest_route=%2Fwp%2Fv2%2Fmedia&parent=2115"}],"wp:term":[{"taxonomy":"category","embeddable":true,"href":"https:\/\/archivosonoro.com.ar\/wordpress\/index.php?rest_route=%2Fwp%2Fv2%2Fcategories&post=2115"},{"taxonomy":"post_tag","embeddable":true,"href":"https:\/\/archivosonoro.com.ar\/wordpress\/index.php?rest_route=%2Fwp%2Fv2%2Ftags&post=2115"}],"curies":[{"name":"wp","href":"https:\/\/api.w.org\/{rel}","templated":true}]}}