{"id":2109,"date":"2012-07-01T16:32:56","date_gmt":"2012-07-01T19:32:56","guid":{"rendered":"http:\/\/archivosonoro.com.ar\/?p=2109"},"modified":"2012-07-01T19:22:21","modified_gmt":"2012-07-01T22:22:21","slug":"reforma-tributaria-la-postura-del-sector-rural-2","status":"publish","type":"post","link":"https:\/\/archivosonoro.com.ar\/wordpress\/?p=2109","title":{"rendered":"Reforma Tributaria: la postura del sector rural."},"content":{"rendered":"<p>Luego de las presentaciones, comenz\u00f3 la charla en la ma\u00f1ana de \u00abDos preguntan\u00bb de FM Universidad. Comenz\u00f3 Carlos Pastoriza recalcando que el hecho de que no se haya pagado el impuesto inmobiliario \u00abse debi\u00f3 a una falla del Poder Ejecutivo\u00bb que no implement\u00f3 la leyes relacionadas con las actualizaciones de los valores y la implementaci\u00f3n de las al\u00edcuotas. Se\u00f1al\u00f3 que el proyecto presentado con valores tan altos se debe a una necesidad de recaudaci\u00f3n de la provincia cuestionando la constitucionalidad del mismo y el uso de los recursos por parte del Estado. Adem\u00e1s, resalt\u00f3 la principal diferencia con la reforma propuesta en la determinaci\u00f3n de la capacidad contributiva del sector.<\/p>\n","protected":false},"excerpt":{"rendered":"<p>Luego de las presentaciones, comenz\u00f3 la charla en la ma\u00f1ana de \u00abDos preguntan\u00bb de FM Universidad. Comenz\u00f3 Carlos Pastoriza recalcando que el hecho de que no se haya pagado el impuesto inmobiliario \u00abse debi\u00f3 a una falla del Poder Ejecutivo\u00bb que no implement\u00f3 la leyes relacionadas con las actualizaciones de los valores y la implementaci\u00f3n [&hellip;]<\/p>\n","protected":false},"author":7,"featured_media":0,"comment_status":"open","ping_status":"open","sticky":false,"template":"","format":"standard","meta":{"footnotes":""},"categories":[543],"tags":[156,684],"class_list":["post-2109","post","type-post","status-publish","format-standard","hentry","category-fm-universidad","tag-canga","tag-pastoriza"],"_links":{"self":[{"href":"https:\/\/archivosonoro.com.ar\/wordpress\/index.php?rest_route=\/wp\/v2\/posts\/2109","targetHints":{"allow":["GET"]}}],"collection":[{"href":"https:\/\/archivosonoro.com.ar\/wordpress\/index.php?rest_route=\/wp\/v2\/posts"}],"about":[{"href":"https:\/\/archivosonoro.com.ar\/wordpress\/index.php?rest_route=\/wp\/v2\/types\/post"}],"author":[{"embeddable":true,"href":"https:\/\/archivosonoro.com.ar\/wordpress\/index.php?rest_route=\/wp\/v2\/users\/7"}],"replies":[{"embeddable":true,"href":"https:\/\/archivosonoro.com.ar\/wordpress\/index.php?rest_route=%2Fwp%2Fv2%2Fcomments&post=2109"}],"version-history":[{"count":3,"href":"https:\/\/archivosonoro.com.ar\/wordpress\/index.php?rest_route=\/wp\/v2\/posts\/2109\/revisions"}],"predecessor-version":[{"id":2124,"href":"https:\/\/archivosonoro.com.ar\/wordpress\/index.php?rest_route=\/wp\/v2\/posts\/2109\/revisions\/2124"}],"wp:attachment":[{"href":"https:\/\/archivosonoro.com.ar\/wordpress\/index.php?rest_route=%2Fwp%2Fv2%2Fmedia&parent=2109"}],"wp:term":[{"taxonomy":"category","embeddable":true,"href":"https:\/\/archivosonoro.com.ar\/wordpress\/index.php?rest_route=%2Fwp%2Fv2%2Fcategories&post=2109"},{"taxonomy":"post_tag","embeddable":true,"href":"https:\/\/archivosonoro.com.ar\/wordpress\/index.php?rest_route=%2Fwp%2Fv2%2Ftags&post=2109"}],"curies":[{"name":"wp","href":"https:\/\/api.w.org\/{rel}","templated":true}]}}