{"id":2107,"date":"2012-07-01T16:05:06","date_gmt":"2012-07-01T19:05:06","guid":{"rendered":"http:\/\/archivosonoro.com.ar\/?p=2107"},"modified":"2012-07-01T18:56:39","modified_gmt":"2012-07-01T21:56:39","slug":"reforma-tributaria-la-postura-del-sector-rural","status":"publish","type":"post","link":"https:\/\/archivosonoro.com.ar\/wordpress\/?p=2107","title":{"rendered":"Reforma Tributaria: la postura del sector rural."},"content":{"rendered":"<p>Con la presencia en estudios de Carlos Pastoriza, representante del sector rural, Pablo Canga, Presidente de la Asociaci\u00f3n Rural de R\u00edo Grande, Leandro Garc\u00eda, Coordinador del Departamento Zoonosis de la Municipalidad de R\u00edo Grande y Paulo Gea, responsable del INTA, se debati\u00f3 en la ma\u00f1ana del s\u00e1bado de FM Universidad, el proyecto gubernamental de reforma tributaria que involucra al sector rural de la provincia. Durante el primer bloque del programa, los panelistas se presentaron y brevemente expusieron su trayectoria ante la audiencia.<\/p>\n","protected":false},"excerpt":{"rendered":"<p>Con la presencia en estudios de Carlos Pastoriza, representante del sector rural, Pablo Canga, Presidente de la Asociaci\u00f3n Rural de R\u00edo Grande, Leandro Garc\u00eda, Coordinador del Departamento Zoonosis de la Municipalidad de R\u00edo Grande y Paulo Gea, responsable del INTA, se debati\u00f3 en la ma\u00f1ana del s\u00e1bado de FM Universidad, el proyecto gubernamental de reforma [&hellip;]<\/p>\n","protected":false},"author":7,"featured_media":0,"comment_status":"open","ping_status":"open","sticky":false,"template":"","format":"standard","meta":{"footnotes":""},"categories":[543],"tags":[156,163,686,684],"class_list":["post-2107","post","type-post","status-publish","format-standard","hentry","category-fm-universidad","tag-canga","tag-garcia","tag-gea","tag-pastoriza"],"_links":{"self":[{"href":"https:\/\/archivosonoro.com.ar\/wordpress\/index.php?rest_route=\/wp\/v2\/posts\/2107","targetHints":{"allow":["GET"]}}],"collection":[{"href":"https:\/\/archivosonoro.com.ar\/wordpress\/index.php?rest_route=\/wp\/v2\/posts"}],"about":[{"href":"https:\/\/archivosonoro.com.ar\/wordpress\/index.php?rest_route=\/wp\/v2\/types\/post"}],"author":[{"embeddable":true,"href":"https:\/\/archivosonoro.com.ar\/wordpress\/index.php?rest_route=\/wp\/v2\/users\/7"}],"replies":[{"embeddable":true,"href":"https:\/\/archivosonoro.com.ar\/wordpress\/index.php?rest_route=%2Fwp%2Fv2%2Fcomments&post=2107"}],"version-history":[{"count":3,"href":"https:\/\/archivosonoro.com.ar\/wordpress\/index.php?rest_route=\/wp\/v2\/posts\/2107\/revisions"}],"predecessor-version":[{"id":2122,"href":"https:\/\/archivosonoro.com.ar\/wordpress\/index.php?rest_route=\/wp\/v2\/posts\/2107\/revisions\/2122"}],"wp:attachment":[{"href":"https:\/\/archivosonoro.com.ar\/wordpress\/index.php?rest_route=%2Fwp%2Fv2%2Fmedia&parent=2107"}],"wp:term":[{"taxonomy":"category","embeddable":true,"href":"https:\/\/archivosonoro.com.ar\/wordpress\/index.php?rest_route=%2Fwp%2Fv2%2Fcategories&post=2107"},{"taxonomy":"post_tag","embeddable":true,"href":"https:\/\/archivosonoro.com.ar\/wordpress\/index.php?rest_route=%2Fwp%2Fv2%2Ftags&post=2107"}],"curies":[{"name":"wp","href":"https:\/\/api.w.org\/{rel}","templated":true}]}}