{"id":2093,"date":"2012-06-28T18:12:43","date_gmt":"2012-06-28T21:12:43","guid":{"rendered":"http:\/\/archivosonoro.com.ar\/?p=2093"},"modified":"2012-06-28T18:12:43","modified_gmt":"2012-06-28T21:12:43","slug":"se-reglamento-la-ley-de-celiaquia","status":"publish","type":"post","link":"https:\/\/archivosonoro.com.ar\/wordpress\/?p=2093","title":{"rendered":"Se reglament\u00f3 la Ley de Celiaqu\u00eda."},"content":{"rendered":"<p>Mediante el Decreto N\u00b01393 se reglament\u00f3 la Ley de Celiaquia: \u00abes muy importante para el cel\u00edaco fueguino, se le da un marco legal a las actividades que venimos realizando y garantizando un mont\u00f3n de servicios. Se crea el programa provincial de celiaqu\u00eda, esto es muy importante para atender a los asuntos de los cel\u00edacos desde la provincia\u00bb, dijo Patricia Crochi, del programa Nacional de Celiaqu\u00eda.<br \/>\nEn FM Universidad, destac\u00f3 la cobertura de alimentos espec\u00edficos por un monto determinado por parte de las obras sociales y prepagas, adem\u00e1s de la oferta de alimentos en todos los \u00e1mbitos en que se ofrezcan comidas.<\/p>\n","protected":false},"excerpt":{"rendered":"<p>Mediante el Decreto N\u00b01393 se reglament\u00f3 la Ley de Celiaquia: \u00abes muy importante para el cel\u00edaco fueguino, se le da un marco legal a las actividades que venimos realizando y garantizando un mont\u00f3n de servicios. Se crea el programa provincial de celiaqu\u00eda, esto es muy importante para atender a los asuntos de los cel\u00edacos desde [&hellip;]<\/p>\n","protected":false},"author":7,"featured_media":0,"comment_status":"open","ping_status":"open","sticky":false,"template":"","format":"standard","meta":{"footnotes":""},"categories":[543],"tags":[676],"class_list":["post-2093","post","type-post","status-publish","format-standard","hentry","category-fm-universidad","tag-crochi"],"_links":{"self":[{"href":"https:\/\/archivosonoro.com.ar\/wordpress\/index.php?rest_route=\/wp\/v2\/posts\/2093","targetHints":{"allow":["GET"]}}],"collection":[{"href":"https:\/\/archivosonoro.com.ar\/wordpress\/index.php?rest_route=\/wp\/v2\/posts"}],"about":[{"href":"https:\/\/archivosonoro.com.ar\/wordpress\/index.php?rest_route=\/wp\/v2\/types\/post"}],"author":[{"embeddable":true,"href":"https:\/\/archivosonoro.com.ar\/wordpress\/index.php?rest_route=\/wp\/v2\/users\/7"}],"replies":[{"embeddable":true,"href":"https:\/\/archivosonoro.com.ar\/wordpress\/index.php?rest_route=%2Fwp%2Fv2%2Fcomments&post=2093"}],"version-history":[{"count":1,"href":"https:\/\/archivosonoro.com.ar\/wordpress\/index.php?rest_route=\/wp\/v2\/posts\/2093\/revisions"}],"predecessor-version":[{"id":2094,"href":"https:\/\/archivosonoro.com.ar\/wordpress\/index.php?rest_route=\/wp\/v2\/posts\/2093\/revisions\/2094"}],"wp:attachment":[{"href":"https:\/\/archivosonoro.com.ar\/wordpress\/index.php?rest_route=%2Fwp%2Fv2%2Fmedia&parent=2093"}],"wp:term":[{"taxonomy":"category","embeddable":true,"href":"https:\/\/archivosonoro.com.ar\/wordpress\/index.php?rest_route=%2Fwp%2Fv2%2Fcategories&post=2093"},{"taxonomy":"post_tag","embeddable":true,"href":"https:\/\/archivosonoro.com.ar\/wordpress\/index.php?rest_route=%2Fwp%2Fv2%2Ftags&post=2093"}],"curies":[{"name":"wp","href":"https:\/\/api.w.org\/{rel}","templated":true}]}}