{"id":2079,"date":"2012-06-27T13:02:07","date_gmt":"2012-06-27T16:02:07","guid":{"rendered":"http:\/\/archivosonoro.com.ar\/?p=2079"},"modified":"2012-06-27T13:02:07","modified_gmt":"2012-06-27T16:02:07","slug":"garay-h-a-nadie-le-gusta-recomponer-una-tarifa","status":"publish","type":"post","link":"https:\/\/archivosonoro.com.ar\/wordpress\/?p=2079","title":{"rendered":"Garay H: \u00abA nadie le gusta recomponer una tarifa\u00bb"},"content":{"rendered":"<p>El concejal Hector Garay habl\u00f3 de la sesi\u00f3n de ayer y destac\u00f3 la aprobaci\u00f3n del boleto del colectivo como el tema que arroj\u00f3 mayor debate en el recinto. Fundament\u00f3 su voto y se\u00f1al\u00f3 que la empresa se comprometi\u00f3 a poner una nueva unidad en las calles el pr\u00f3ximo mes.<br \/>\nEntrevistado en FM Universidad, Garay se refiri\u00f3 al encuentro con familiares de v\u00edctimas de casos impunes y justific\u00f3 el pedido de informes al ejecutivo municipal por el incumplimiento en la creaci\u00f3n de la Direcci\u00f3n Municipal de Derechos Humanos.  Adem\u00e1s, explic\u00f3 su postura en los otros temas abordados en la 4ta sesi\u00f3n ordinaria del Concejo Deliberante de R\u00edo Grande y desminti\u00f3 publicaciones que le adjudican una deuda con una empleada dom\u00e9stica.<\/p>\n","protected":false},"excerpt":{"rendered":"<p>El concejal Hector Garay habl\u00f3 de la sesi\u00f3n de ayer y destac\u00f3 la aprobaci\u00f3n del boleto del colectivo como el tema que arroj\u00f3 mayor debate en el recinto. Fundament\u00f3 su voto y se\u00f1al\u00f3 que la empresa se comprometi\u00f3 a poner una nueva unidad en las calles el pr\u00f3ximo mes. Entrevistado en FM Universidad, Garay se [&hellip;]<\/p>\n","protected":false},"author":7,"featured_media":0,"comment_status":"open","ping_status":"open","sticky":false,"template":"","format":"standard","meta":{"footnotes":""},"categories":[543],"tags":[372,614],"class_list":["post-2079","post","type-post","status-publish","format-standard","hentry","category-fm-universidad","tag-colazo","tag-garay"],"_links":{"self":[{"href":"https:\/\/archivosonoro.com.ar\/wordpress\/index.php?rest_route=\/wp\/v2\/posts\/2079","targetHints":{"allow":["GET"]}}],"collection":[{"href":"https:\/\/archivosonoro.com.ar\/wordpress\/index.php?rest_route=\/wp\/v2\/posts"}],"about":[{"href":"https:\/\/archivosonoro.com.ar\/wordpress\/index.php?rest_route=\/wp\/v2\/types\/post"}],"author":[{"embeddable":true,"href":"https:\/\/archivosonoro.com.ar\/wordpress\/index.php?rest_route=\/wp\/v2\/users\/7"}],"replies":[{"embeddable":true,"href":"https:\/\/archivosonoro.com.ar\/wordpress\/index.php?rest_route=%2Fwp%2Fv2%2Fcomments&post=2079"}],"version-history":[{"count":1,"href":"https:\/\/archivosonoro.com.ar\/wordpress\/index.php?rest_route=\/wp\/v2\/posts\/2079\/revisions"}],"predecessor-version":[{"id":2080,"href":"https:\/\/archivosonoro.com.ar\/wordpress\/index.php?rest_route=\/wp\/v2\/posts\/2079\/revisions\/2080"}],"wp:attachment":[{"href":"https:\/\/archivosonoro.com.ar\/wordpress\/index.php?rest_route=%2Fwp%2Fv2%2Fmedia&parent=2079"}],"wp:term":[{"taxonomy":"category","embeddable":true,"href":"https:\/\/archivosonoro.com.ar\/wordpress\/index.php?rest_route=%2Fwp%2Fv2%2Fcategories&post=2079"},{"taxonomy":"post_tag","embeddable":true,"href":"https:\/\/archivosonoro.com.ar\/wordpress\/index.php?rest_route=%2Fwp%2Fv2%2Ftags&post=2079"}],"curies":[{"name":"wp","href":"https:\/\/api.w.org\/{rel}","templated":true}]}}