{"id":2067,"date":"2012-06-26T12:13:45","date_gmt":"2012-06-26T15:13:45","guid":{"rendered":"http:\/\/archivosonoro.com.ar\/?p=2067"},"modified":"2012-06-26T12:13:45","modified_gmt":"2012-06-26T15:13:45","slug":"olivares-m-pobrecita-estudio-para-ser-medico-no-para-administrar-salud-en-una-provincia","status":"publish","type":"post","link":"https:\/\/archivosonoro.com.ar\/wordpress\/?p=2067","title":{"rendered":"Olivares M: \u00abPobrecita, estudi\u00f3 para ser m\u00e9dico no para administrar salud en una provincia\u00bb."},"content":{"rendered":"<p>Miguel Olivares habl\u00f3 de la presencia de roedores y cucarachas en el Hospital Regional de Ushuaia. Entrevistado en FM Ritual, afirm\u00f3 que Seguridad e Higiene \u00abbrilla por su ausencia\u00bb y que seg\u00fan los doctores del hospital \u00abes una cuesti\u00f3n normal\u00bb. Critic\u00f3 al director del hospital, Dr. Olivo, y asegur\u00f3 que ni \u00e9l, ni el Ministerio de Salud se hacen cargo de los problemas que hay en la provincia.<br \/>\nEl dirigente de ATSA confirm\u00f3 que desde el sector esperan a que la Legislatura interpele a la Ministra Grieco de quien dijo: \u00abpobrecita, estudi\u00f3 para ser m\u00e9dico no para administrar salud en una provincia\u00bb.<\/p>\n","protected":false},"excerpt":{"rendered":"<p>Miguel Olivares habl\u00f3 de la presencia de roedores y cucarachas en el Hospital Regional de Ushuaia. Entrevistado en FM Ritual, afirm\u00f3 que Seguridad e Higiene \u00abbrilla por su ausencia\u00bb y que seg\u00fan los doctores del hospital \u00abes una cuesti\u00f3n normal\u00bb. Critic\u00f3 al director del hospital, Dr. Olivo, y asegur\u00f3 que ni \u00e9l, ni el Ministerio [&hellip;]<\/p>\n","protected":false},"author":7,"featured_media":0,"comment_status":"open","ping_status":"open","sticky":false,"template":"","format":"standard","meta":{"footnotes":""},"categories":[542],"tags":[51,465,674],"class_list":["post-2067","post","type-post","status-publish","format-standard","hentry","category-fm-ritual","tag-grieco","tag-olivares","tag-olivo"],"_links":{"self":[{"href":"https:\/\/archivosonoro.com.ar\/wordpress\/index.php?rest_route=\/wp\/v2\/posts\/2067","targetHints":{"allow":["GET"]}}],"collection":[{"href":"https:\/\/archivosonoro.com.ar\/wordpress\/index.php?rest_route=\/wp\/v2\/posts"}],"about":[{"href":"https:\/\/archivosonoro.com.ar\/wordpress\/index.php?rest_route=\/wp\/v2\/types\/post"}],"author":[{"embeddable":true,"href":"https:\/\/archivosonoro.com.ar\/wordpress\/index.php?rest_route=\/wp\/v2\/users\/7"}],"replies":[{"embeddable":true,"href":"https:\/\/archivosonoro.com.ar\/wordpress\/index.php?rest_route=%2Fwp%2Fv2%2Fcomments&post=2067"}],"version-history":[{"count":1,"href":"https:\/\/archivosonoro.com.ar\/wordpress\/index.php?rest_route=\/wp\/v2\/posts\/2067\/revisions"}],"predecessor-version":[{"id":2069,"href":"https:\/\/archivosonoro.com.ar\/wordpress\/index.php?rest_route=\/wp\/v2\/posts\/2067\/revisions\/2069"}],"wp:attachment":[{"href":"https:\/\/archivosonoro.com.ar\/wordpress\/index.php?rest_route=%2Fwp%2Fv2%2Fmedia&parent=2067"}],"wp:term":[{"taxonomy":"category","embeddable":true,"href":"https:\/\/archivosonoro.com.ar\/wordpress\/index.php?rest_route=%2Fwp%2Fv2%2Fcategories&post=2067"},{"taxonomy":"post_tag","embeddable":true,"href":"https:\/\/archivosonoro.com.ar\/wordpress\/index.php?rest_route=%2Fwp%2Fv2%2Ftags&post=2067"}],"curies":[{"name":"wp","href":"https:\/\/api.w.org\/{rel}","templated":true}]}}