{"id":2044,"date":"2012-06-25T13:56:18","date_gmt":"2012-06-25T16:56:18","guid":{"rendered":"http:\/\/archivosonoro.com.ar\/?p=2044"},"modified":"2012-06-25T13:56:18","modified_gmt":"2012-06-25T16:56:18","slug":"heredia-j-reanuda-el-servicio-el-aeropuerto-de-rio-grande","status":"publish","type":"post","link":"https:\/\/archivosonoro.com.ar\/wordpress\/?p=2044","title":{"rendered":"Heredia J: Reanuda el servicio el aeropuerto de R\u00edo Grande."},"content":{"rendered":"<p>Jos\u00e9 Heredia explic\u00f3 la situaci\u00f3n del aeropuerto de R\u00edo Grande que qued\u00f3 fuera de servicio desde el domingo hasta el mediod\u00eda de hoy por inconvenientes en la autobomba. Se pudo restablecer la operatividad porque se utiliza una autobomba de bomberos voluntarios que queda afectada temporalmente al aeropuerto.<br \/>\nEntrevistado en FM Universidad, el operador tur\u00edstico  habl\u00f3 de la precariedad en la infraestructura de la aeroestaci\u00f3n y adelant\u00f3 que si una emergencia requiere el traslado del equipo, volver\u00e1 a quedar fuera de actividad el aeropuerto.<\/p>\n","protected":false},"excerpt":{"rendered":"<p>Jos\u00e9 Heredia explic\u00f3 la situaci\u00f3n del aeropuerto de R\u00edo Grande que qued\u00f3 fuera de servicio desde el domingo hasta el mediod\u00eda de hoy por inconvenientes en la autobomba. Se pudo restablecer la operatividad porque se utiliza una autobomba de bomberos voluntarios que queda afectada temporalmente al aeropuerto. Entrevistado en FM Universidad, el operador tur\u00edstico habl\u00f3 [&hellip;]<\/p>\n","protected":false},"author":7,"featured_media":0,"comment_status":"open","ping_status":"open","sticky":false,"template":"","format":"standard","meta":{"footnotes":""},"categories":[543],"tags":[110],"class_list":["post-2044","post","type-post","status-publish","format-standard","hentry","category-fm-universidad","tag-heredia"],"_links":{"self":[{"href":"https:\/\/archivosonoro.com.ar\/wordpress\/index.php?rest_route=\/wp\/v2\/posts\/2044","targetHints":{"allow":["GET"]}}],"collection":[{"href":"https:\/\/archivosonoro.com.ar\/wordpress\/index.php?rest_route=\/wp\/v2\/posts"}],"about":[{"href":"https:\/\/archivosonoro.com.ar\/wordpress\/index.php?rest_route=\/wp\/v2\/types\/post"}],"author":[{"embeddable":true,"href":"https:\/\/archivosonoro.com.ar\/wordpress\/index.php?rest_route=\/wp\/v2\/users\/7"}],"replies":[{"embeddable":true,"href":"https:\/\/archivosonoro.com.ar\/wordpress\/index.php?rest_route=%2Fwp%2Fv2%2Fcomments&post=2044"}],"version-history":[{"count":1,"href":"https:\/\/archivosonoro.com.ar\/wordpress\/index.php?rest_route=\/wp\/v2\/posts\/2044\/revisions"}],"predecessor-version":[{"id":2045,"href":"https:\/\/archivosonoro.com.ar\/wordpress\/index.php?rest_route=\/wp\/v2\/posts\/2044\/revisions\/2045"}],"wp:attachment":[{"href":"https:\/\/archivosonoro.com.ar\/wordpress\/index.php?rest_route=%2Fwp%2Fv2%2Fmedia&parent=2044"}],"wp:term":[{"taxonomy":"category","embeddable":true,"href":"https:\/\/archivosonoro.com.ar\/wordpress\/index.php?rest_route=%2Fwp%2Fv2%2Fcategories&post=2044"},{"taxonomy":"post_tag","embeddable":true,"href":"https:\/\/archivosonoro.com.ar\/wordpress\/index.php?rest_route=%2Fwp%2Fv2%2Ftags&post=2044"}],"curies":[{"name":"wp","href":"https:\/\/api.w.org\/{rel}","templated":true}]}}