{"id":2018,"date":"2012-06-23T12:42:21","date_gmt":"2012-06-23T15:42:21","guid":{"rendered":"http:\/\/archivosonoro.com.ar\/?p=2018"},"modified":"2012-06-23T12:42:21","modified_gmt":"2012-06-23T15:42:21","slug":"cordoba-m-la-relacion-con-gobierno-nunca-fue-normal","status":"publish","type":"post","link":"https:\/\/archivosonoro.com.ar\/wordpress\/?p=2018","title":{"rendered":"C\u00f3rdoba M: la relaci\u00f3n con gobierno \u00abnunca fue normal\u00bb"},"content":{"rendered":"<p>El Secretario general de ATE seccional R\u00edo Grande, dijo que la relaci\u00f3n con el gobierno \u00abnunca fue normal\u00bb y reclam\u00f3 que \u00abatienda en tiempo y forma la problem\u00e1tica de los trabajadores y brinde servicios de calidad hacia la sociedad\u00bb.<br \/>\nEn declaraciones a \u00abEl Correo de los s\u00e1bados\u00bb, Marcelo C\u00f3rdoba afirm\u00f3 que este gobierno es uno de los que m\u00e1s ha deteriorado al empleado estatal y a las instituciones del estado en los servicios b\u00e1sicos\u00bb. Adem\u00e1s, opin\u00f3 que los ministros Benegas y Grieco hace rato no deber\u00edan estar al frente de sus respectivos ministerios.<br \/>\nC\u00f3rdoba, refut\u00f3 las publicaciones que denotan malestar entre los trabajadores y la dirigencia sindical por el acuerdo con gobierno: \u00abcarecen de conocimiento\u00bb, afirm\u00f3 y explic\u00f3 la situaci\u00f3n.<br \/>\nFinalmente fue consultado por la remarcaci\u00f3n de precios y la manifestaci\u00f3n de trabajadores en R\u00edo Grande, \u00ablo venimos diciendo a\u00f1o tras a\u00f1o\u00bb, dijo, resaltando la ausencia del estado en este sentido. Adelant\u00f3 que desde el sector est\u00e1n haciendo un relevamiento que estar\u00eda listo en unos 15 d\u00edas.<\/p>\n","protected":false},"excerpt":{"rendered":"<p>El Secretario general de ATE seccional R\u00edo Grande, dijo que la relaci\u00f3n con el gobierno \u00abnunca fue normal\u00bb y reclam\u00f3 que \u00abatienda en tiempo y forma la problem\u00e1tica de los trabajadores y brinde servicios de calidad hacia la sociedad\u00bb. En declaraciones a \u00abEl Correo de los s\u00e1bados\u00bb, Marcelo C\u00f3rdoba afirm\u00f3 que este gobierno es uno [&hellip;]<\/p>\n","protected":false},"author":7,"featured_media":0,"comment_status":"open","ping_status":"open","sticky":false,"template":"","format":"standard","meta":{"footnotes":""},"categories":[14],"tags":[10,13],"class_list":["post-2018","post","type-post","status-publish","format-standard","hentry","category-fm-del-sol","tag-ate","tag-cordoba"],"_links":{"self":[{"href":"https:\/\/archivosonoro.com.ar\/wordpress\/index.php?rest_route=\/wp\/v2\/posts\/2018","targetHints":{"allow":["GET"]}}],"collection":[{"href":"https:\/\/archivosonoro.com.ar\/wordpress\/index.php?rest_route=\/wp\/v2\/posts"}],"about":[{"href":"https:\/\/archivosonoro.com.ar\/wordpress\/index.php?rest_route=\/wp\/v2\/types\/post"}],"author":[{"embeddable":true,"href":"https:\/\/archivosonoro.com.ar\/wordpress\/index.php?rest_route=\/wp\/v2\/users\/7"}],"replies":[{"embeddable":true,"href":"https:\/\/archivosonoro.com.ar\/wordpress\/index.php?rest_route=%2Fwp%2Fv2%2Fcomments&post=2018"}],"version-history":[{"count":1,"href":"https:\/\/archivosonoro.com.ar\/wordpress\/index.php?rest_route=\/wp\/v2\/posts\/2018\/revisions"}],"predecessor-version":[{"id":2019,"href":"https:\/\/archivosonoro.com.ar\/wordpress\/index.php?rest_route=\/wp\/v2\/posts\/2018\/revisions\/2019"}],"wp:attachment":[{"href":"https:\/\/archivosonoro.com.ar\/wordpress\/index.php?rest_route=%2Fwp%2Fv2%2Fmedia&parent=2018"}],"wp:term":[{"taxonomy":"category","embeddable":true,"href":"https:\/\/archivosonoro.com.ar\/wordpress\/index.php?rest_route=%2Fwp%2Fv2%2Fcategories&post=2018"},{"taxonomy":"post_tag","embeddable":true,"href":"https:\/\/archivosonoro.com.ar\/wordpress\/index.php?rest_route=%2Fwp%2Fv2%2Ftags&post=2018"}],"curies":[{"name":"wp","href":"https:\/\/api.w.org\/{rel}","templated":true}]}}