{"id":2013,"date":"2012-06-22T11:57:49","date_gmt":"2012-06-22T14:57:49","guid":{"rendered":"http:\/\/archivosonoro.com.ar\/?p=2013"},"modified":"2012-06-22T12:00:22","modified_gmt":"2012-06-22T15:00:22","slug":"colazo-l-un-periodista-esta-censurando-la-labor-de-un-concejal","status":"publish","type":"post","link":"https:\/\/archivosonoro.com.ar\/wordpress\/?p=2013","title":{"rendered":"Colazo L: \u00abUn periodista est\u00e1 censurando la labor de un concejal\u00bb."},"content":{"rendered":"<p>Laura Colazo denunci\u00f3 censura en el noticiero del Concejo Deliberante de R\u00edo Grande: \u00abme censuraron dos veces, primero en la sesi\u00f3n porque no pude dar mi opini\u00f3n sobre el tema, no pudimos dar el debate necesario y despu\u00e9s en el noticiero\u00bb. En FM Ritual, explic\u00f3 su pedido de debate en la sesi\u00f3n especial en la que se aprobaron los pliegos de licitaci\u00f3n del estacionamiento medido y se trat\u00f3 una modificaci\u00f3n al r\u00e9gimen de regularizacion de tierras  fiscales. La Concejal apunt\u00f3 a Fernando Grava, responsable de prensa de la instituci\u00f3n, quien se excus\u00f3 en falta de tiempo y diferencia con el resto de los concejales para no incluir a Colazo en la emisi\u00f3n del jueves. Reclam\u00f3 la intervenci\u00f3n de la Presidenta del Concejo para que esto no vuelva a suceder.<\/p>\n","protected":false},"excerpt":{"rendered":"<p>Laura Colazo denunci\u00f3 censura en el noticiero del Concejo Deliberante de R\u00edo Grande: \u00abme censuraron dos veces, primero en la sesi\u00f3n porque no pude dar mi opini\u00f3n sobre el tema, no pudimos dar el debate necesario y despu\u00e9s en el noticiero\u00bb. En FM Ritual, explic\u00f3 su pedido de debate en la sesi\u00f3n especial en la [&hellip;]<\/p>\n","protected":false},"author":7,"featured_media":0,"comment_status":"open","ping_status":"open","sticky":false,"template":"","format":"standard","meta":{"footnotes":""},"categories":[542],"tags":[372,671],"class_list":["post-2013","post","type-post","status-publish","format-standard","hentry","category-fm-ritual","tag-colazo","tag-grava"],"_links":{"self":[{"href":"https:\/\/archivosonoro.com.ar\/wordpress\/index.php?rest_route=\/wp\/v2\/posts\/2013","targetHints":{"allow":["GET"]}}],"collection":[{"href":"https:\/\/archivosonoro.com.ar\/wordpress\/index.php?rest_route=\/wp\/v2\/posts"}],"about":[{"href":"https:\/\/archivosonoro.com.ar\/wordpress\/index.php?rest_route=\/wp\/v2\/types\/post"}],"author":[{"embeddable":true,"href":"https:\/\/archivosonoro.com.ar\/wordpress\/index.php?rest_route=\/wp\/v2\/users\/7"}],"replies":[{"embeddable":true,"href":"https:\/\/archivosonoro.com.ar\/wordpress\/index.php?rest_route=%2Fwp%2Fv2%2Fcomments&post=2013"}],"version-history":[{"count":2,"href":"https:\/\/archivosonoro.com.ar\/wordpress\/index.php?rest_route=\/wp\/v2\/posts\/2013\/revisions"}],"predecessor-version":[{"id":2015,"href":"https:\/\/archivosonoro.com.ar\/wordpress\/index.php?rest_route=\/wp\/v2\/posts\/2013\/revisions\/2015"}],"wp:attachment":[{"href":"https:\/\/archivosonoro.com.ar\/wordpress\/index.php?rest_route=%2Fwp%2Fv2%2Fmedia&parent=2013"}],"wp:term":[{"taxonomy":"category","embeddable":true,"href":"https:\/\/archivosonoro.com.ar\/wordpress\/index.php?rest_route=%2Fwp%2Fv2%2Fcategories&post=2013"},{"taxonomy":"post_tag","embeddable":true,"href":"https:\/\/archivosonoro.com.ar\/wordpress\/index.php?rest_route=%2Fwp%2Fv2%2Ftags&post=2013"}],"curies":[{"name":"wp","href":"https:\/\/api.w.org\/{rel}","templated":true}]}}