{"id":1971,"date":"2012-06-19T12:16:07","date_gmt":"2012-06-19T15:16:07","guid":{"rendered":"http:\/\/archivosonoro.com.ar\/?p=1971"},"modified":"2012-06-19T12:16:07","modified_gmt":"2012-06-19T15:16:07","slug":"da-fonseca-j-hay-que-investigar-toda-la-gestion-de-martin","status":"publish","type":"post","link":"https:\/\/archivosonoro.com.ar\/wordpress\/?p=1971","title":{"rendered":"Da Fonseca J: \u00abHay que investigar toda la gesti\u00f3n\u00bb de Mart\u00edn."},"content":{"rendered":"<p>El abogado Javier Da Fonseca inform\u00f3 el estado de la causa que involucra al Municipio de R\u00edo Grande en el tema de recolecci\u00f3n de residuos. Se\u00f1al\u00f3 que la querella y la Fiscal\u00eda pidieron el a\u00f1o pasado la indagatoria de los involucrados y espera que con todas las pruebas recolectadas, se haga lugar a este pedido. \u00abPedimos la indagatoria del entonces intendente Jorge Mart\u00edn, de Pablo Blanco, Paulino Rossi, Labroca, del Tribunal de Cuentas y algunos funcionarios de tercera l\u00ednea\u00bb, dijo en FM Ritual.<br \/>\nDa Fonseca afirm\u00f3 que el juicio podr\u00eda costarle a R\u00edo Grande una importante suma monetaria que habr\u00eda que actualizar y que habr\u00eda que revisar toda la gesti\u00f3n de Jorge Mart\u00edn. Aclar\u00f3 que en el caso de Pablo Blanco, a\u00fan siendo legislador, solo tiene inmunidad de arresto y no hay obst\u00e1culo legal para someterlo a proceso penal.<\/p>\n","protected":false},"excerpt":{"rendered":"<p>El abogado Javier Da Fonseca inform\u00f3 el estado de la causa que involucra al Municipio de R\u00edo Grande en el tema de recolecci\u00f3n de residuos. Se\u00f1al\u00f3 que la querella y la Fiscal\u00eda pidieron el a\u00f1o pasado la indagatoria de los involucrados y espera que con todas las pruebas recolectadas, se haga lugar a este pedido. [&hellip;]<\/p>\n","protected":false},"author":7,"featured_media":0,"comment_status":"open","ping_status":"open","sticky":false,"template":"","format":"standard","meta":{"footnotes":""},"categories":[542],"tags":[68,639,666,347,269],"class_list":["post-1971","post","type-post","status-publish","format-standard","hentry","category-fm-ritual","tag-blanco","tag-da-fonseca","tag-labroca","tag-martin","tag-rossi"],"_links":{"self":[{"href":"https:\/\/archivosonoro.com.ar\/wordpress\/index.php?rest_route=\/wp\/v2\/posts\/1971","targetHints":{"allow":["GET"]}}],"collection":[{"href":"https:\/\/archivosonoro.com.ar\/wordpress\/index.php?rest_route=\/wp\/v2\/posts"}],"about":[{"href":"https:\/\/archivosonoro.com.ar\/wordpress\/index.php?rest_route=\/wp\/v2\/types\/post"}],"author":[{"embeddable":true,"href":"https:\/\/archivosonoro.com.ar\/wordpress\/index.php?rest_route=\/wp\/v2\/users\/7"}],"replies":[{"embeddable":true,"href":"https:\/\/archivosonoro.com.ar\/wordpress\/index.php?rest_route=%2Fwp%2Fv2%2Fcomments&post=1971"}],"version-history":[{"count":1,"href":"https:\/\/archivosonoro.com.ar\/wordpress\/index.php?rest_route=\/wp\/v2\/posts\/1971\/revisions"}],"predecessor-version":[{"id":1972,"href":"https:\/\/archivosonoro.com.ar\/wordpress\/index.php?rest_route=\/wp\/v2\/posts\/1971\/revisions\/1972"}],"wp:attachment":[{"href":"https:\/\/archivosonoro.com.ar\/wordpress\/index.php?rest_route=%2Fwp%2Fv2%2Fmedia&parent=1971"}],"wp:term":[{"taxonomy":"category","embeddable":true,"href":"https:\/\/archivosonoro.com.ar\/wordpress\/index.php?rest_route=%2Fwp%2Fv2%2Fcategories&post=1971"},{"taxonomy":"post_tag","embeddable":true,"href":"https:\/\/archivosonoro.com.ar\/wordpress\/index.php?rest_route=%2Fwp%2Fv2%2Ftags&post=1971"}],"curies":[{"name":"wp","href":"https:\/\/api.w.org\/{rel}","templated":true}]}}