{"id":1961,"date":"2012-06-18T11:19:12","date_gmt":"2012-06-18T14:19:12","guid":{"rendered":"http:\/\/archivosonoro.com.ar\/?p=1961"},"modified":"2012-06-18T11:19:12","modified_gmt":"2012-06-18T14:19:12","slug":"diaz-v-el-deficit-de-la-provincia-llego-a-250-millones-de-pesos","status":"publish","type":"post","link":"https:\/\/archivosonoro.com.ar\/wordpress\/?p=1961","title":{"rendered":"D\u00edaz V: \u00abEl d\u00e9ficit de la provincia lleg\u00f3 a 250 millones de pesos\u00bb"},"content":{"rendered":"<p>Victor D\u00edaz denunci\u00f3 penalmente a la gobernadora Fabiana R\u00edos, al Ministro de Econom\u00eda Christian Ruiz y al presidente del IPV Jos\u00e9 Luis del Gi\u00fadice por posible malversaci\u00f3n de fondos p\u00fablicos. El referente de Encuentro Popular se\u00f1al\u00f3 que se presume que se desviaron fondos de la soja y del FONAVI para el pago de salarios de la administraci\u00f3n p\u00fablica. En FM Ritual, D\u00edaz explic\u00f3 sobre el contenido de la denuncia y afirm\u00f3 que de informes oficiales se prob\u00f3 que \u00aben el mes de enero se han utilizado tanto los fondos de la soja como del FONAVI para solventar el pago de sueldos. Esta situaci\u00f3n se viene dando y se inform\u00f3 en la presentaci\u00f3n ante el juzgado, durante todo 2011, cuando nos dec\u00edan que hab\u00edan equilibrado las cuentas p\u00fablicas,  donde nos encontramos que el d\u00e9ficit de la provincia lleg\u00f3 a 250 millones de pesos\u00bb. Agreg\u00f3 que desconoce si la Legislatura cuenta con estos informes ya que desde su sector, los solicitaron por la Ley de Acceso a la Informaci\u00f3n.<\/p>\n","protected":false},"excerpt":{"rendered":"<p>Victor D\u00edaz denunci\u00f3 penalmente a la gobernadora Fabiana R\u00edos, al Ministro de Econom\u00eda Christian Ruiz y al presidente del IPV Jos\u00e9 Luis del Gi\u00fadice por posible malversaci\u00f3n de fondos p\u00fablicos. El referente de Encuentro Popular se\u00f1al\u00f3 que se presume que se desviaron fondos de la soja y del FONAVI para el pago de salarios de [&hellip;]<\/p>\n","protected":false},"author":7,"featured_media":0,"comment_status":"open","ping_status":"open","sticky":false,"template":"","format":"standard","meta":{"footnotes":""},"categories":[542],"tags":[57,33,239],"class_list":["post-1961","post","type-post","status-publish","format-standard","hentry","category-fm-ritual","tag-diaz","tag-rios","tag-ruiz"],"_links":{"self":[{"href":"https:\/\/archivosonoro.com.ar\/wordpress\/index.php?rest_route=\/wp\/v2\/posts\/1961","targetHints":{"allow":["GET"]}}],"collection":[{"href":"https:\/\/archivosonoro.com.ar\/wordpress\/index.php?rest_route=\/wp\/v2\/posts"}],"about":[{"href":"https:\/\/archivosonoro.com.ar\/wordpress\/index.php?rest_route=\/wp\/v2\/types\/post"}],"author":[{"embeddable":true,"href":"https:\/\/archivosonoro.com.ar\/wordpress\/index.php?rest_route=\/wp\/v2\/users\/7"}],"replies":[{"embeddable":true,"href":"https:\/\/archivosonoro.com.ar\/wordpress\/index.php?rest_route=%2Fwp%2Fv2%2Fcomments&post=1961"}],"version-history":[{"count":1,"href":"https:\/\/archivosonoro.com.ar\/wordpress\/index.php?rest_route=\/wp\/v2\/posts\/1961\/revisions"}],"predecessor-version":[{"id":1962,"href":"https:\/\/archivosonoro.com.ar\/wordpress\/index.php?rest_route=\/wp\/v2\/posts\/1961\/revisions\/1962"}],"wp:attachment":[{"href":"https:\/\/archivosonoro.com.ar\/wordpress\/index.php?rest_route=%2Fwp%2Fv2%2Fmedia&parent=1961"}],"wp:term":[{"taxonomy":"category","embeddable":true,"href":"https:\/\/archivosonoro.com.ar\/wordpress\/index.php?rest_route=%2Fwp%2Fv2%2Fcategories&post=1961"},{"taxonomy":"post_tag","embeddable":true,"href":"https:\/\/archivosonoro.com.ar\/wordpress\/index.php?rest_route=%2Fwp%2Fv2%2Ftags&post=1961"}],"curies":[{"name":"wp","href":"https:\/\/api.w.org\/{rel}","templated":true}]}}