{"id":1939,"date":"2012-06-18T00:10:26","date_gmt":"2012-06-18T03:10:26","guid":{"rendered":"http:\/\/archivosonoro.com.ar\/?p=1939"},"modified":"2012-06-18T10:46:50","modified_gmt":"2012-06-18T13:46:50","slug":"ruiz-o-necesitamos-el-presupuesto-porque-no-llegamos-a-fin-de-ano","status":"publish","type":"post","link":"https:\/\/archivosonoro.com.ar\/wordpress\/?p=1939","title":{"rendered":"Ruiz O: \u00abNecesitamos el presupuesto porque no llegamos a fin de a\u00f1o\u00bb."},"content":{"rendered":"<p>El Dr. Oscar Ruiz manifest\u00f3 su preocupaci\u00f3n por las declaraciones del legislador Arcando planteando la aparente falta de voluntad legislativa de tratar el presupuesto provincial 2012: \u00abo nos perjudica o nos mata\u00bb, afirm\u00f3.<br \/>\nEntrevistado en El Correo de los s\u00e1bados, el director del IPAUSS dijo que la necesidad del presupuesto lo plante\u00f3 a los legisladores en una reuni\u00f3n con la comisi\u00f3n de evaluaci\u00f3n y seguimiento del organismo.<br \/>\nPor otro lado, Ruiz dud\u00f3 que el gobierno utilice el 90% del presupuesto en sueldo, \u00abpersonalmente, creo que no es cierto\u00bb, dijo y justific\u00f3 su afirmaci\u00f3n.<br \/>\nReafirm\u00f3 que la Ley 676 es de cumplimiento imposible y habl\u00f3 de usura en el c\u00e1lculo de los intereses.<\/p>\n","protected":false},"excerpt":{"rendered":"<p>El Dr. Oscar Ruiz manifest\u00f3 su preocupaci\u00f3n por las declaraciones del legislador Arcando planteando la aparente falta de voluntad legislativa de tratar el presupuesto provincial 2012: \u00abo nos perjudica o nos mata\u00bb, afirm\u00f3. Entrevistado en El Correo de los s\u00e1bados, el director del IPAUSS dijo que la necesidad del presupuesto lo plante\u00f3 a los legisladores [&hellip;]<\/p>\n","protected":false},"author":7,"featured_media":0,"comment_status":"open","ping_status":"open","sticky":false,"template":"","format":"standard","meta":{"footnotes":""},"categories":[14],"tags":[5,239],"class_list":["post-1939","post","type-post","status-publish","format-standard","hentry","category-fm-del-sol","tag-ipauss","tag-ruiz"],"_links":{"self":[{"href":"https:\/\/archivosonoro.com.ar\/wordpress\/index.php?rest_route=\/wp\/v2\/posts\/1939","targetHints":{"allow":["GET"]}}],"collection":[{"href":"https:\/\/archivosonoro.com.ar\/wordpress\/index.php?rest_route=\/wp\/v2\/posts"}],"about":[{"href":"https:\/\/archivosonoro.com.ar\/wordpress\/index.php?rest_route=\/wp\/v2\/types\/post"}],"author":[{"embeddable":true,"href":"https:\/\/archivosonoro.com.ar\/wordpress\/index.php?rest_route=\/wp\/v2\/users\/7"}],"replies":[{"embeddable":true,"href":"https:\/\/archivosonoro.com.ar\/wordpress\/index.php?rest_route=%2Fwp%2Fv2%2Fcomments&post=1939"}],"version-history":[{"count":2,"href":"https:\/\/archivosonoro.com.ar\/wordpress\/index.php?rest_route=\/wp\/v2\/posts\/1939\/revisions"}],"predecessor-version":[{"id":1958,"href":"https:\/\/archivosonoro.com.ar\/wordpress\/index.php?rest_route=\/wp\/v2\/posts\/1939\/revisions\/1958"}],"wp:attachment":[{"href":"https:\/\/archivosonoro.com.ar\/wordpress\/index.php?rest_route=%2Fwp%2Fv2%2Fmedia&parent=1939"}],"wp:term":[{"taxonomy":"category","embeddable":true,"href":"https:\/\/archivosonoro.com.ar\/wordpress\/index.php?rest_route=%2Fwp%2Fv2%2Fcategories&post=1939"},{"taxonomy":"post_tag","embeddable":true,"href":"https:\/\/archivosonoro.com.ar\/wordpress\/index.php?rest_route=%2Fwp%2Fv2%2Ftags&post=1939"}],"curies":[{"name":"wp","href":"https:\/\/api.w.org\/{rel}","templated":true}]}}