{"id":1937,"date":"2012-06-17T23:46:23","date_gmt":"2012-06-18T02:46:23","guid":{"rendered":"http:\/\/archivosonoro.com.ar\/?p=1937"},"modified":"2012-06-18T10:47:28","modified_gmt":"2012-06-18T13:47:28","slug":"donatti-a-mario-daniele-no-tiene-retorno-como-dirigente-politico-para-ser-escuchado","status":"publish","type":"post","link":"https:\/\/archivosonoro.com.ar\/wordpress\/?p=1937","title":{"rendered":"Donatti A: \u00abMario (Daniele) no tiene retorno como dirigente pol\u00edtico para ser escuchado\u00bb."},"content":{"rendered":"<p>Aunque entiende que no es reprochable buscar l\u00edneas a nivel nacional para encarar una cuesti\u00f3n pol\u00edtica en la provincia, Am\u00e9rico Donatti critic\u00f3 duramente a Juan Carlos Pino y el desembarco de La Juan Domingo en la Tierra del Fuego. Habl\u00f3 de la relaci\u00f3n entre Daniele y Pino y asegur\u00f3 que m\u00e1s all\u00e1 de los padrinazgos que se puedan buscar, no se va a salir de la situaci\u00f3n por la que atraviesa el PJ en la Tierra del Fuego porque colaboran \u00abMario Daniele haciendo este tipo de jugada, Rosana Bertone desprendida de toda realidad de lo que debe ser la b\u00fasqueda de consenso, Perez desconociendo a toda la dirigencia, La C\u00e1mpora que vinieron ac\u00e1 y le sobaron el lomo a dos chicos que capacidad de dirigentes, no han demostrado\u00bb.<br \/>\nDonatti resalt\u00f3 que la \u00fanica provincia en la que perdi\u00f3 el FPV fue en Tierra del Fuego y lo relacion\u00f3 con la falta de  integraci\u00f3n con el Partido Justicialista y cuestion\u00f3 la posici\u00f3n de Mario Daniele de quien asever\u00f3 que \u00abno tiene retorno como dirigente, para ser escuchado\u00bb.<\/p>\n","protected":false},"excerpt":{"rendered":"<p>Aunque entiende que no es reprochable buscar l\u00edneas a nivel nacional para encarar una cuesti\u00f3n pol\u00edtica en la provincia, Am\u00e9rico Donatti critic\u00f3 duramente a Juan Carlos Pino y el desembarco de La Juan Domingo en la Tierra del Fuego. Habl\u00f3 de la relaci\u00f3n entre Daniele y Pino y asegur\u00f3 que m\u00e1s all\u00e1 de los padrinazgos [&hellip;]<\/p>\n","protected":false},"author":7,"featured_media":0,"comment_status":"open","ping_status":"open","sticky":false,"template":"","format":"standard","meta":{"footnotes":""},"categories":[543],"tags":[251,529,559,466,661],"class_list":["post-1937","post","type-post","status-publish","format-standard","hentry","category-fm-universidad","tag-bertone","tag-daniele","tag-donatti","tag-perez","tag-pino"],"_links":{"self":[{"href":"https:\/\/archivosonoro.com.ar\/wordpress\/index.php?rest_route=\/wp\/v2\/posts\/1937","targetHints":{"allow":["GET"]}}],"collection":[{"href":"https:\/\/archivosonoro.com.ar\/wordpress\/index.php?rest_route=\/wp\/v2\/posts"}],"about":[{"href":"https:\/\/archivosonoro.com.ar\/wordpress\/index.php?rest_route=\/wp\/v2\/types\/post"}],"author":[{"embeddable":true,"href":"https:\/\/archivosonoro.com.ar\/wordpress\/index.php?rest_route=\/wp\/v2\/users\/7"}],"replies":[{"embeddable":true,"href":"https:\/\/archivosonoro.com.ar\/wordpress\/index.php?rest_route=%2Fwp%2Fv2%2Fcomments&post=1937"}],"version-history":[{"count":2,"href":"https:\/\/archivosonoro.com.ar\/wordpress\/index.php?rest_route=\/wp\/v2\/posts\/1937\/revisions"}],"predecessor-version":[{"id":1959,"href":"https:\/\/archivosonoro.com.ar\/wordpress\/index.php?rest_route=\/wp\/v2\/posts\/1937\/revisions\/1959"}],"wp:attachment":[{"href":"https:\/\/archivosonoro.com.ar\/wordpress\/index.php?rest_route=%2Fwp%2Fv2%2Fmedia&parent=1937"}],"wp:term":[{"taxonomy":"category","embeddable":true,"href":"https:\/\/archivosonoro.com.ar\/wordpress\/index.php?rest_route=%2Fwp%2Fv2%2Fcategories&post=1937"},{"taxonomy":"post_tag","embeddable":true,"href":"https:\/\/archivosonoro.com.ar\/wordpress\/index.php?rest_route=%2Fwp%2Fv2%2Ftags&post=1937"}],"curies":[{"name":"wp","href":"https:\/\/api.w.org\/{rel}","templated":true}]}}