{"id":1933,"date":"2012-06-17T23:22:31","date_gmt":"2012-06-18T02:22:31","guid":{"rendered":"http:\/\/archivosonoro.com.ar\/?p=1933"},"modified":"2012-06-17T23:22:31","modified_gmt":"2012-06-18T02:22:31","slug":"gallo-d-el-proceso-inflacionario-de-tierra-del-fuego-esta-por-encima-de-la-media-nacional","status":"publish","type":"post","link":"https:\/\/archivosonoro.com.ar\/wordpress\/?p=1933","title":{"rendered":"Gallo D: \u00abEl proceso inflacionario de Tierra del Fuego est\u00e1 por encima de la media nacional\u00bb."},"content":{"rendered":"<p>En el cuarto bloque de la ma\u00f1ana de FM Universidad, se habl\u00f3 de los precios en los supermercados y los salarios y Gallo se\u00f1al\u00f3 que hay que trabajar entre las c\u00e1maras empresarias y la Secretar\u00eda de Industria en la concertaci\u00f3n de precios y salarios. Por su parte, Heninger apunt\u00f3 que la 19640 es una ley de promoci\u00f3n econ\u00f3mica y no solamente industrial. Tambi\u00e9n, Eduardo Cabral del ASOEM, particip\u00f3 telef\u00f3nicamente reclamando la puesta en funcionamiento de la comisi\u00f3n que crea la Ley 844, denunciando que estando designado como presidente Sebasti\u00e1n Oyarz\u00fan no funciona.<\/p>\n","protected":false},"excerpt":{"rendered":"<p>En el cuarto bloque de la ma\u00f1ana de FM Universidad, se habl\u00f3 de los precios en los supermercados y los salarios y Gallo se\u00f1al\u00f3 que hay que trabajar entre las c\u00e1maras empresarias y la Secretar\u00eda de Industria en la concertaci\u00f3n de precios y salarios. Por su parte, Heninger apunt\u00f3 que la 19640 es una ley [&hellip;]<\/p>\n","protected":false},"author":7,"featured_media":0,"comment_status":"open","ping_status":"open","sticky":false,"template":"","format":"standard","meta":{"footnotes":""},"categories":[543],"tags":[],"class_list":["post-1933","post","type-post","status-publish","format-standard","hentry","category-fm-universidad"],"_links":{"self":[{"href":"https:\/\/archivosonoro.com.ar\/wordpress\/index.php?rest_route=\/wp\/v2\/posts\/1933","targetHints":{"allow":["GET"]}}],"collection":[{"href":"https:\/\/archivosonoro.com.ar\/wordpress\/index.php?rest_route=\/wp\/v2\/posts"}],"about":[{"href":"https:\/\/archivosonoro.com.ar\/wordpress\/index.php?rest_route=\/wp\/v2\/types\/post"}],"author":[{"embeddable":true,"href":"https:\/\/archivosonoro.com.ar\/wordpress\/index.php?rest_route=\/wp\/v2\/users\/7"}],"replies":[{"embeddable":true,"href":"https:\/\/archivosonoro.com.ar\/wordpress\/index.php?rest_route=%2Fwp%2Fv2%2Fcomments&post=1933"}],"version-history":[{"count":1,"href":"https:\/\/archivosonoro.com.ar\/wordpress\/index.php?rest_route=\/wp\/v2\/posts\/1933\/revisions"}],"predecessor-version":[{"id":1934,"href":"https:\/\/archivosonoro.com.ar\/wordpress\/index.php?rest_route=\/wp\/v2\/posts\/1933\/revisions\/1934"}],"wp:attachment":[{"href":"https:\/\/archivosonoro.com.ar\/wordpress\/index.php?rest_route=%2Fwp%2Fv2%2Fmedia&parent=1933"}],"wp:term":[{"taxonomy":"category","embeddable":true,"href":"https:\/\/archivosonoro.com.ar\/wordpress\/index.php?rest_route=%2Fwp%2Fv2%2Fcategories&post=1933"},{"taxonomy":"post_tag","embeddable":true,"href":"https:\/\/archivosonoro.com.ar\/wordpress\/index.php?rest_route=%2Fwp%2Fv2%2Ftags&post=1933"}],"curies":[{"name":"wp","href":"https:\/\/api.w.org\/{rel}","templated":true}]}}