{"id":1924,"date":"2012-06-16T12:00:17","date_gmt":"2012-06-16T15:00:17","guid":{"rendered":"http:\/\/archivosonoro.com.ar\/?p=1924"},"modified":"2012-06-16T12:00:17","modified_gmt":"2012-06-16T15:00:17","slug":"cabral-e-el-gobierno-se-tiene-que-dejar-ayudar","status":"publish","type":"post","link":"https:\/\/archivosonoro.com.ar\/wordpress\/?p=1924","title":{"rendered":"Cabral E: \u00abEl gobierno se tiene que dejar ayudar\u00bb"},"content":{"rendered":"<p>\u00abCreo que el intendente de R\u00edo Grande ha equivocado el camino en negociar algo que todav\u00eda no se ha perdido\u00bb, afirm\u00f3 Eduardo Cabral en relaci\u00f3n a la quita de coparticipaci\u00f3n que pretende el ejecutivo provincial. Dijo adem\u00e1s, que se pueden discutir los roles y ayudar al gobierno, pero, \u00abel gobierno se tiene que dejar ayudar\u00bb. Critic\u00f3 a Gustavo Melella por no convocar al sindicato municipal para abordar el tema y la situaci\u00f3n laboral y salarial del sector.<br \/>\nEn \u00abEl correo de los s\u00e1bados\u00bb, el dirigente del ASOEM dijo que al gobierno le falta plata y se equivoca en donde busca los recursos. \u00abLos recursos est\u00e1n en las exenciones impositivas de la Ley 19640\u00bb, asegur\u00f3 y record\u00f3 la sanci\u00f3n de la Ley 844 contra el agio y la especulaci\u00f3n y la falta de su implementaci\u00f3n.<\/p>\n","protected":false},"excerpt":{"rendered":"<p>\u00abCreo que el intendente de R\u00edo Grande ha equivocado el camino en negociar algo que todav\u00eda no se ha perdido\u00bb, afirm\u00f3 Eduardo Cabral en relaci\u00f3n a la quita de coparticipaci\u00f3n que pretende el ejecutivo provincial. Dijo adem\u00e1s, que se pueden discutir los roles y ayudar al gobierno, pero, \u00abel gobierno se tiene que dejar ayudar\u00bb. [&hellip;]<\/p>\n","protected":false},"author":7,"featured_media":0,"comment_status":"open","ping_status":"open","sticky":false,"template":"","format":"standard","meta":{"footnotes":""},"categories":[14],"tags":[383,382],"class_list":["post-1924","post","type-post","status-publish","format-standard","hentry","category-fm-del-sol","tag-asoem","tag-cabral"],"_links":{"self":[{"href":"https:\/\/archivosonoro.com.ar\/wordpress\/index.php?rest_route=\/wp\/v2\/posts\/1924","targetHints":{"allow":["GET"]}}],"collection":[{"href":"https:\/\/archivosonoro.com.ar\/wordpress\/index.php?rest_route=\/wp\/v2\/posts"}],"about":[{"href":"https:\/\/archivosonoro.com.ar\/wordpress\/index.php?rest_route=\/wp\/v2\/types\/post"}],"author":[{"embeddable":true,"href":"https:\/\/archivosonoro.com.ar\/wordpress\/index.php?rest_route=\/wp\/v2\/users\/7"}],"replies":[{"embeddable":true,"href":"https:\/\/archivosonoro.com.ar\/wordpress\/index.php?rest_route=%2Fwp%2Fv2%2Fcomments&post=1924"}],"version-history":[{"count":1,"href":"https:\/\/archivosonoro.com.ar\/wordpress\/index.php?rest_route=\/wp\/v2\/posts\/1924\/revisions"}],"predecessor-version":[{"id":1925,"href":"https:\/\/archivosonoro.com.ar\/wordpress\/index.php?rest_route=\/wp\/v2\/posts\/1924\/revisions\/1925"}],"wp:attachment":[{"href":"https:\/\/archivosonoro.com.ar\/wordpress\/index.php?rest_route=%2Fwp%2Fv2%2Fmedia&parent=1924"}],"wp:term":[{"taxonomy":"category","embeddable":true,"href":"https:\/\/archivosonoro.com.ar\/wordpress\/index.php?rest_route=%2Fwp%2Fv2%2Fcategories&post=1924"},{"taxonomy":"post_tag","embeddable":true,"href":"https:\/\/archivosonoro.com.ar\/wordpress\/index.php?rest_route=%2Fwp%2Fv2%2Ftags&post=1924"}],"curies":[{"name":"wp","href":"https:\/\/api.w.org\/{rel}","templated":true}]}}