{"id":1906,"date":"2012-06-15T10:42:24","date_gmt":"2012-06-15T13:42:24","guid":{"rendered":"http:\/\/archivosonoro.com.ar\/?p=1906"},"modified":"2012-06-15T10:42:24","modified_gmt":"2012-06-15T13:42:24","slug":"por-paro-de-camioneros-no-hay-reposicion-de-dinero-en-los-cajeros-automaticos","status":"publish","type":"post","link":"https:\/\/archivosonoro.com.ar\/wordpress\/?p=1906","title":{"rendered":"Por paro de camioneros, no hay reposici\u00f3n de dinero en los cajeros autom\u00e1ticos."},"content":{"rendered":"<p>Desde el sindicato que los nuclea, Guillermo Vargas confirm\u00f3 la adhesi\u00f3n de Tierra del Fuego a la medida lanzada desde la Federaci\u00f3n de Transporte de Camioneros en la rama de transporte de caudales. \u00abSe reclama un 30% de aumento salarial y ante la negativa de la Federaci\u00f3n de negociar el 18% en 3 cuotas, que nosotros entendemos es una vergonzada, se han decretado los paros sorpresivos a partir de las 00 del d\u00eda de hoy en todas las provincias\u00bb, dijo. Adem\u00e1s, desde el sector repudian la decisi\u00f3n del Ministerio de Trabajo de la Naci\u00f3n de poner un l\u00edmite en la negociaci\u00f3n de paritarias<br \/>\nEn FM Universidad, Vargas se\u00f1al\u00f3 que el paro es por tiempo indeterminado y que no afecta solamente la reposici\u00f3n de dinero en los cajeros, sino que est\u00e1 afectada la provisi\u00f3n a los bancos y el servicio que se brinda a los supermercados.<br \/>\nEn otro orden de cosas, el secretario de Prensa del Sindicato de Camioneros respondi\u00f3 sobre la reuni\u00f3n con el Intendente Melella para avanzar en la construcci\u00f3n de un parador para los trabajadores del sector.<\/p>\n","protected":false},"excerpt":{"rendered":"<p>Desde el sindicato que los nuclea, Guillermo Vargas confirm\u00f3 la adhesi\u00f3n de Tierra del Fuego a la medida lanzada desde la Federaci\u00f3n de Transporte de Camioneros en la rama de transporte de caudales. \u00abSe reclama un 30% de aumento salarial y ante la negativa de la Federaci\u00f3n de negociar el 18% en 3 cuotas, que [&hellip;]<\/p>\n","protected":false},"author":7,"featured_media":0,"comment_status":"open","ping_status":"open","sticky":false,"template":"","format":"standard","meta":{"footnotes":""},"categories":[543],"tags":[185],"class_list":["post-1906","post","type-post","status-publish","format-standard","hentry","category-fm-universidad","tag-vargas"],"_links":{"self":[{"href":"https:\/\/archivosonoro.com.ar\/wordpress\/index.php?rest_route=\/wp\/v2\/posts\/1906","targetHints":{"allow":["GET"]}}],"collection":[{"href":"https:\/\/archivosonoro.com.ar\/wordpress\/index.php?rest_route=\/wp\/v2\/posts"}],"about":[{"href":"https:\/\/archivosonoro.com.ar\/wordpress\/index.php?rest_route=\/wp\/v2\/types\/post"}],"author":[{"embeddable":true,"href":"https:\/\/archivosonoro.com.ar\/wordpress\/index.php?rest_route=\/wp\/v2\/users\/7"}],"replies":[{"embeddable":true,"href":"https:\/\/archivosonoro.com.ar\/wordpress\/index.php?rest_route=%2Fwp%2Fv2%2Fcomments&post=1906"}],"version-history":[{"count":1,"href":"https:\/\/archivosonoro.com.ar\/wordpress\/index.php?rest_route=\/wp\/v2\/posts\/1906\/revisions"}],"predecessor-version":[{"id":1910,"href":"https:\/\/archivosonoro.com.ar\/wordpress\/index.php?rest_route=\/wp\/v2\/posts\/1906\/revisions\/1910"}],"wp:attachment":[{"href":"https:\/\/archivosonoro.com.ar\/wordpress\/index.php?rest_route=%2Fwp%2Fv2%2Fmedia&parent=1906"}],"wp:term":[{"taxonomy":"category","embeddable":true,"href":"https:\/\/archivosonoro.com.ar\/wordpress\/index.php?rest_route=%2Fwp%2Fv2%2Fcategories&post=1906"},{"taxonomy":"post_tag","embeddable":true,"href":"https:\/\/archivosonoro.com.ar\/wordpress\/index.php?rest_route=%2Fwp%2Fv2%2Ftags&post=1906"}],"curies":[{"name":"wp","href":"https:\/\/api.w.org\/{rel}","templated":true}]}}