{"id":1902,"date":"2012-06-15T01:03:59","date_gmt":"2012-06-15T04:03:59","guid":{"rendered":"http:\/\/archivosonoro.com.ar\/?p=1902"},"modified":"2012-06-15T10:24:22","modified_gmt":"2012-06-15T13:24:22","slug":"cordoba-c-trabajadores-de-obras-publicas-cobraran-los-dias-caidos-en-boleta-complementaria","status":"publish","type":"post","link":"https:\/\/archivosonoro.com.ar\/wordpress\/?p=1902","title":{"rendered":"C\u00f3rdoba C: Trabajadores de Obras P\u00fablicas cobrar\u00e1n los d\u00edas ca\u00eddos en boleta complementaria."},"content":{"rendered":"<p>El gobierno present\u00f3 las planillas de adicionales del escalaf\u00f3n seco para que ATE pueda tener un an\u00e1lisis general de lo que se discutir\u00e1 el pr\u00f3ximo martes. El Secretario General de los trabajadores del estado asegur\u00f3 en Estaci\u00f3n Patagonia que en el encuentro con el ejecutivo tambi\u00e9n se habl\u00f3 de la devoluci\u00f3n de los d\u00edas ca\u00eddos de los trabajadores de obras p\u00fablicas en boleta complementaria. Sin precisar el d\u00eda en que se efectivizar\u00e1, C\u00f3rdoba asegur\u00f3 que, por pedido del sindicato, se har\u00e1 lo m\u00e1s r\u00e1pido posible. Adem\u00e1s, se\u00f1al\u00f3 que no dejar\u00e1n de discutir un aumento salarial para toda la administraci\u00f3n p\u00fablica.<\/p>\n","protected":false},"excerpt":{"rendered":"<p>El gobierno present\u00f3 las planillas de adicionales del escalaf\u00f3n seco para que ATE pueda tener un an\u00e1lisis general de lo que se discutir\u00e1 el pr\u00f3ximo martes. El Secretario General de los trabajadores del estado asegur\u00f3 en Estaci\u00f3n Patagonia que en el encuentro con el ejecutivo tambi\u00e9n se habl\u00f3 de la devoluci\u00f3n de los d\u00edas ca\u00eddos [&hellip;]<\/p>\n","protected":false},"author":7,"featured_media":0,"comment_status":"open","ping_status":"open","sticky":false,"template":"","format":"standard","meta":{"footnotes":""},"categories":[634],"tags":[10,13],"class_list":["post-1902","post","type-post","status-publish","format-standard","hentry","category-estacion-patagonia","tag-ate","tag-cordoba"],"_links":{"self":[{"href":"https:\/\/archivosonoro.com.ar\/wordpress\/index.php?rest_route=\/wp\/v2\/posts\/1902","targetHints":{"allow":["GET"]}}],"collection":[{"href":"https:\/\/archivosonoro.com.ar\/wordpress\/index.php?rest_route=\/wp\/v2\/posts"}],"about":[{"href":"https:\/\/archivosonoro.com.ar\/wordpress\/index.php?rest_route=\/wp\/v2\/types\/post"}],"author":[{"embeddable":true,"href":"https:\/\/archivosonoro.com.ar\/wordpress\/index.php?rest_route=\/wp\/v2\/users\/7"}],"replies":[{"embeddable":true,"href":"https:\/\/archivosonoro.com.ar\/wordpress\/index.php?rest_route=%2Fwp%2Fv2%2Fcomments&post=1902"}],"version-history":[{"count":2,"href":"https:\/\/archivosonoro.com.ar\/wordpress\/index.php?rest_route=\/wp\/v2\/posts\/1902\/revisions"}],"predecessor-version":[{"id":1909,"href":"https:\/\/archivosonoro.com.ar\/wordpress\/index.php?rest_route=\/wp\/v2\/posts\/1902\/revisions\/1909"}],"wp:attachment":[{"href":"https:\/\/archivosonoro.com.ar\/wordpress\/index.php?rest_route=%2Fwp%2Fv2%2Fmedia&parent=1902"}],"wp:term":[{"taxonomy":"category","embeddable":true,"href":"https:\/\/archivosonoro.com.ar\/wordpress\/index.php?rest_route=%2Fwp%2Fv2%2Fcategories&post=1902"},{"taxonomy":"post_tag","embeddable":true,"href":"https:\/\/archivosonoro.com.ar\/wordpress\/index.php?rest_route=%2Fwp%2Fv2%2Ftags&post=1902"}],"curies":[{"name":"wp","href":"https:\/\/api.w.org\/{rel}","templated":true}]}}