{"id":1895,"date":"2012-06-14T11:51:23","date_gmt":"2012-06-14T14:51:23","guid":{"rendered":"http:\/\/archivosonoro.com.ar\/?p=1895"},"modified":"2012-06-14T11:51:23","modified_gmt":"2012-06-14T14:51:23","slug":"sonando-por-cantar-se-habria-sobrepasado-la-cantidad-de-publico-permitida-por-seguridad","status":"publish","type":"post","link":"https:\/\/archivosonoro.com.ar\/wordpress\/?p=1895","title":{"rendered":"So\u00f1ando por cantar: Se habr\u00eda sobrepasado la cantidad de p\u00fablico permitida por seguridad."},"content":{"rendered":"<p>El Concejal Alejandro Nogar habl\u00f3 del requerimiento para confirmar si hubo m\u00e1s personas de las permitidas por seguridad durante las dos emisiones del So\u00f1ando por Cantar: \u00abqueremos ver que es lo que realmente ocurri\u00f3 con esto\u00bb, manifest\u00f3 en FM Ritual.<br \/>\nNogar dijo que la participaci\u00f3n de la gente fue sorpresiva y resalt\u00f3 el nivel de los artistas.<\/p>\n","protected":false},"excerpt":{"rendered":"<p>El Concejal Alejandro Nogar habl\u00f3 del requerimiento para confirmar si hubo m\u00e1s personas de las permitidas por seguridad durante las dos emisiones del So\u00f1ando por Cantar: \u00abqueremos ver que es lo que realmente ocurri\u00f3 con esto\u00bb, manifest\u00f3 en FM Ritual. Nogar dijo que la participaci\u00f3n de la gente fue sorpresiva y resalt\u00f3 el nivel de [&hellip;]<\/p>\n","protected":false},"author":7,"featured_media":0,"comment_status":"open","ping_status":"open","sticky":false,"template":"","format":"standard","meta":{"footnotes":""},"categories":[542],"tags":[64],"class_list":["post-1895","post","type-post","status-publish","format-standard","hentry","category-fm-ritual","tag-nogar"],"_links":{"self":[{"href":"https:\/\/archivosonoro.com.ar\/wordpress\/index.php?rest_route=\/wp\/v2\/posts\/1895","targetHints":{"allow":["GET"]}}],"collection":[{"href":"https:\/\/archivosonoro.com.ar\/wordpress\/index.php?rest_route=\/wp\/v2\/posts"}],"about":[{"href":"https:\/\/archivosonoro.com.ar\/wordpress\/index.php?rest_route=\/wp\/v2\/types\/post"}],"author":[{"embeddable":true,"href":"https:\/\/archivosonoro.com.ar\/wordpress\/index.php?rest_route=\/wp\/v2\/users\/7"}],"replies":[{"embeddable":true,"href":"https:\/\/archivosonoro.com.ar\/wordpress\/index.php?rest_route=%2Fwp%2Fv2%2Fcomments&post=1895"}],"version-history":[{"count":1,"href":"https:\/\/archivosonoro.com.ar\/wordpress\/index.php?rest_route=\/wp\/v2\/posts\/1895\/revisions"}],"predecessor-version":[{"id":1896,"href":"https:\/\/archivosonoro.com.ar\/wordpress\/index.php?rest_route=\/wp\/v2\/posts\/1895\/revisions\/1896"}],"wp:attachment":[{"href":"https:\/\/archivosonoro.com.ar\/wordpress\/index.php?rest_route=%2Fwp%2Fv2%2Fmedia&parent=1895"}],"wp:term":[{"taxonomy":"category","embeddable":true,"href":"https:\/\/archivosonoro.com.ar\/wordpress\/index.php?rest_route=%2Fwp%2Fv2%2Fcategories&post=1895"},{"taxonomy":"post_tag","embeddable":true,"href":"https:\/\/archivosonoro.com.ar\/wordpress\/index.php?rest_route=%2Fwp%2Fv2%2Ftags&post=1895"}],"curies":[{"name":"wp","href":"https:\/\/api.w.org\/{rel}","templated":true}]}}