{"id":1888,"date":"2012-06-13T12:29:55","date_gmt":"2012-06-13T15:29:55","guid":{"rendered":"http:\/\/archivosonoro.com.ar\/?p=1888"},"modified":"2012-06-13T12:29:55","modified_gmt":"2012-06-13T15:29:55","slug":"rodriguez-j-los-problemas-que-tenemos-como-comunidad-no-los-resuelve-una-sola-persona","status":"publish","type":"post","link":"https:\/\/archivosonoro.com.ar\/wordpress\/?p=1888","title":{"rendered":"Rodriguez J: \u00abLos problemas que tenemos como comunidad no los resuelve una sola persona\u00bb."},"content":{"rendered":"<p>Desde los estudios de FM Universidad, el Legislador Juan \u00abPipo\u00bb Rodriguez abord\u00f3 diferentes temas de la actualidad provincial y respondi\u00f3 sobre la expectativa que tiene del Concejo deliberante de R\u00edo Grande, cuerpo que presidi\u00f3 los \u00faltimos 8 a\u00f1os. Adem\u00e1s, analiz\u00f3 las declaraciones de convencionales constituyentes que se manifestaron arrepentidos de haber participado en esa instancia para que la provincia se encuentre en el estado actual. \u00abLos problemas que tenemos como comunidad no los resuelve una sola persona\u00bb, dijo e inst\u00f3 al di\u00e1logo y al trabajo mancomunado.<\/p>\n","protected":false},"excerpt":{"rendered":"<p>Desde los estudios de FM Universidad, el Legislador Juan \u00abPipo\u00bb Rodriguez abord\u00f3 diferentes temas de la actualidad provincial y respondi\u00f3 sobre la expectativa que tiene del Concejo deliberante de R\u00edo Grande, cuerpo que presidi\u00f3 los \u00faltimos 8 a\u00f1os. Adem\u00e1s, analiz\u00f3 las declaraciones de convencionales constituyentes que se manifestaron arrepentidos de haber participado en esa instancia [&hellip;]<\/p>\n","protected":false},"author":7,"featured_media":0,"comment_status":"open","ping_status":"open","sticky":false,"template":"","format":"standard","meta":{"footnotes":""},"categories":[543],"tags":[483],"class_list":["post-1888","post","type-post","status-publish","format-standard","hentry","category-fm-universidad","tag-rodriguez"],"_links":{"self":[{"href":"https:\/\/archivosonoro.com.ar\/wordpress\/index.php?rest_route=\/wp\/v2\/posts\/1888","targetHints":{"allow":["GET"]}}],"collection":[{"href":"https:\/\/archivosonoro.com.ar\/wordpress\/index.php?rest_route=\/wp\/v2\/posts"}],"about":[{"href":"https:\/\/archivosonoro.com.ar\/wordpress\/index.php?rest_route=\/wp\/v2\/types\/post"}],"author":[{"embeddable":true,"href":"https:\/\/archivosonoro.com.ar\/wordpress\/index.php?rest_route=\/wp\/v2\/users\/7"}],"replies":[{"embeddable":true,"href":"https:\/\/archivosonoro.com.ar\/wordpress\/index.php?rest_route=%2Fwp%2Fv2%2Fcomments&post=1888"}],"version-history":[{"count":1,"href":"https:\/\/archivosonoro.com.ar\/wordpress\/index.php?rest_route=\/wp\/v2\/posts\/1888\/revisions"}],"predecessor-version":[{"id":1889,"href":"https:\/\/archivosonoro.com.ar\/wordpress\/index.php?rest_route=\/wp\/v2\/posts\/1888\/revisions\/1889"}],"wp:attachment":[{"href":"https:\/\/archivosonoro.com.ar\/wordpress\/index.php?rest_route=%2Fwp%2Fv2%2Fmedia&parent=1888"}],"wp:term":[{"taxonomy":"category","embeddable":true,"href":"https:\/\/archivosonoro.com.ar\/wordpress\/index.php?rest_route=%2Fwp%2Fv2%2Fcategories&post=1888"},{"taxonomy":"post_tag","embeddable":true,"href":"https:\/\/archivosonoro.com.ar\/wordpress\/index.php?rest_route=%2Fwp%2Fv2%2Ftags&post=1888"}],"curies":[{"name":"wp","href":"https:\/\/api.w.org\/{rel}","templated":true}]}}