{"id":1882,"date":"2012-06-13T12:06:52","date_gmt":"2012-06-13T15:06:52","guid":{"rendered":"http:\/\/archivosonoro.com.ar\/?p=1882"},"modified":"2012-06-13T12:06:52","modified_gmt":"2012-06-13T15:06:52","slug":"rivarola-d-reuniones-para-definir-el-aumento-salarial-de-los-mercantiles-de-rio-grande","status":"publish","type":"post","link":"https:\/\/archivosonoro.com.ar\/wordpress\/?p=1882","title":{"rendered":"Rivarola D: reuniones para definir el aumento salarial de los mercantiles de R\u00edo Grande."},"content":{"rendered":"<p>Desde el Centro de Empleados de Comercio de R\u00edo Grande, Daniel Rivarola se\u00f1al\u00f3 que deben reunirse con la C\u00e1mara de Comercio para acordar el aumento salarial de este a\u00f1o tras definirse la paritaria nacional. En FM Ritual confirm\u00f3 adem\u00e1s, que permanentemente hay inspectores en la calle controlando el trabajo en negro y el sub empleo del sector.<\/p>\n","protected":false},"excerpt":{"rendered":"<p>Desde el Centro de Empleados de Comercio de R\u00edo Grande, Daniel Rivarola se\u00f1al\u00f3 que deben reunirse con la C\u00e1mara de Comercio para acordar el aumento salarial de este a\u00f1o tras definirse la paritaria nacional. En FM Ritual confirm\u00f3 adem\u00e1s, que permanentemente hay inspectores en la calle controlando el trabajo en negro y el sub empleo [&hellip;]<\/p>\n","protected":false},"author":7,"featured_media":0,"comment_status":"open","ping_status":"open","sticky":false,"template":"","format":"standard","meta":{"footnotes":""},"categories":[542],"tags":[651],"class_list":["post-1882","post","type-post","status-publish","format-standard","hentry","category-fm-ritual","tag-rivarola"],"_links":{"self":[{"href":"https:\/\/archivosonoro.com.ar\/wordpress\/index.php?rest_route=\/wp\/v2\/posts\/1882","targetHints":{"allow":["GET"]}}],"collection":[{"href":"https:\/\/archivosonoro.com.ar\/wordpress\/index.php?rest_route=\/wp\/v2\/posts"}],"about":[{"href":"https:\/\/archivosonoro.com.ar\/wordpress\/index.php?rest_route=\/wp\/v2\/types\/post"}],"author":[{"embeddable":true,"href":"https:\/\/archivosonoro.com.ar\/wordpress\/index.php?rest_route=\/wp\/v2\/users\/7"}],"replies":[{"embeddable":true,"href":"https:\/\/archivosonoro.com.ar\/wordpress\/index.php?rest_route=%2Fwp%2Fv2%2Fcomments&post=1882"}],"version-history":[{"count":1,"href":"https:\/\/archivosonoro.com.ar\/wordpress\/index.php?rest_route=\/wp\/v2\/posts\/1882\/revisions"}],"predecessor-version":[{"id":1883,"href":"https:\/\/archivosonoro.com.ar\/wordpress\/index.php?rest_route=\/wp\/v2\/posts\/1882\/revisions\/1883"}],"wp:attachment":[{"href":"https:\/\/archivosonoro.com.ar\/wordpress\/index.php?rest_route=%2Fwp%2Fv2%2Fmedia&parent=1882"}],"wp:term":[{"taxonomy":"category","embeddable":true,"href":"https:\/\/archivosonoro.com.ar\/wordpress\/index.php?rest_route=%2Fwp%2Fv2%2Fcategories&post=1882"},{"taxonomy":"post_tag","embeddable":true,"href":"https:\/\/archivosonoro.com.ar\/wordpress\/index.php?rest_route=%2Fwp%2Fv2%2Ftags&post=1882"}],"curies":[{"name":"wp","href":"https:\/\/api.w.org\/{rel}","templated":true}]}}