{"id":1880,"date":"2012-06-13T11:32:33","date_gmt":"2012-06-13T14:32:33","guid":{"rendered":"http:\/\/archivosonoro.com.ar\/?p=1880"},"modified":"2012-06-13T11:32:33","modified_gmt":"2012-06-13T14:32:33","slug":"jorge-cofreces-citado-para-el-viernes-por-la-comision-investigadora-del-ushuaia-recicla","status":"publish","type":"post","link":"https:\/\/archivosonoro.com.ar\/wordpress\/?p=1880","title":{"rendered":"Jorge C\u00f3freces citado para el viernes por la Comisi\u00f3n Investigadora del Ushuaia Recicla."},"content":{"rendered":"<p>La comisi\u00f3n investigadora del Ushuaia recicla se reuni\u00f3 por segunda vez. Mario Llanes se\u00f1al\u00f3 que se fijaron plazos para tener una tarea \u00e1gil y confirm\u00f3 que se cit\u00f3 para el viernes al Secretario de Gesti\u00f3n Urbana Municipal Jorge C\u00f3freces.<br \/>\nEl Concejal del PJ dijo en FM del Sur que se preveen visitas a los predios donde el Ushuaia Recicla tiene almacenados sus productos. Adem\u00e1s, confirm\u00f3 que el Subsecretario de Servicios P\u00fablicos Hugo cano, que fuera suspendido por 45 d\u00edas por decisi\u00f3n del intendente, tambi\u00e9n ser\u00e1 citado por la comisi\u00f3n.<\/p>\n","protected":false},"excerpt":{"rendered":"<p>La comisi\u00f3n investigadora del Ushuaia recicla se reuni\u00f3 por segunda vez. Mario Llanes se\u00f1al\u00f3 que se fijaron plazos para tener una tarea \u00e1gil y confirm\u00f3 que se cit\u00f3 para el viernes al Secretario de Gesti\u00f3n Urbana Municipal Jorge C\u00f3freces. El Concejal del PJ dijo en FM del Sur que se preveen visitas a los predios [&hellip;]<\/p>\n","protected":false},"author":7,"featured_media":0,"comment_status":"open","ping_status":"open","sticky":false,"template":"","format":"standard","meta":{"footnotes":""},"categories":[17],"tags":[285],"class_list":["post-1880","post","type-post","status-publish","format-standard","hentry","category-fm-del-sur","tag-llanes"],"_links":{"self":[{"href":"https:\/\/archivosonoro.com.ar\/wordpress\/index.php?rest_route=\/wp\/v2\/posts\/1880","targetHints":{"allow":["GET"]}}],"collection":[{"href":"https:\/\/archivosonoro.com.ar\/wordpress\/index.php?rest_route=\/wp\/v2\/posts"}],"about":[{"href":"https:\/\/archivosonoro.com.ar\/wordpress\/index.php?rest_route=\/wp\/v2\/types\/post"}],"author":[{"embeddable":true,"href":"https:\/\/archivosonoro.com.ar\/wordpress\/index.php?rest_route=\/wp\/v2\/users\/7"}],"replies":[{"embeddable":true,"href":"https:\/\/archivosonoro.com.ar\/wordpress\/index.php?rest_route=%2Fwp%2Fv2%2Fcomments&post=1880"}],"version-history":[{"count":1,"href":"https:\/\/archivosonoro.com.ar\/wordpress\/index.php?rest_route=\/wp\/v2\/posts\/1880\/revisions"}],"predecessor-version":[{"id":1881,"href":"https:\/\/archivosonoro.com.ar\/wordpress\/index.php?rest_route=\/wp\/v2\/posts\/1880\/revisions\/1881"}],"wp:attachment":[{"href":"https:\/\/archivosonoro.com.ar\/wordpress\/index.php?rest_route=%2Fwp%2Fv2%2Fmedia&parent=1880"}],"wp:term":[{"taxonomy":"category","embeddable":true,"href":"https:\/\/archivosonoro.com.ar\/wordpress\/index.php?rest_route=%2Fwp%2Fv2%2Fcategories&post=1880"},{"taxonomy":"post_tag","embeddable":true,"href":"https:\/\/archivosonoro.com.ar\/wordpress\/index.php?rest_route=%2Fwp%2Fv2%2Ftags&post=1880"}],"curies":[{"name":"wp","href":"https:\/\/api.w.org\/{rel}","templated":true}]}}