{"id":1877,"date":"2012-06-13T02:36:35","date_gmt":"2012-06-13T05:36:35","guid":{"rendered":"http:\/\/archivosonoro.com.ar\/?p=1877"},"modified":"2012-06-13T02:36:35","modified_gmt":"2012-06-13T05:36:35","slug":"concejo-deliberante-apel-denuncia-que-se-agrava-la-situacion","status":"publish","type":"post","link":"https:\/\/archivosonoro.com.ar\/wordpress\/?p=1877","title":{"rendered":"Concejo Deliberante: APEL denuncia que se agrava la situaci\u00f3n."},"content":{"rendered":"<p>Desde APEL, Ra\u00fal Salinas habl\u00f3 del conflicto con los empleados del Concejo Deliberante de Ushuaia: \u00abcada vez se agrava m\u00e1s por parte de la patronal respecto de la violaci\u00f3n permanente de lo que dictamina la justicia y del mismo Convenio Legislativo de Empleo\u00bb. Record\u00f3 la reuni\u00f3n que mantuvieron con el presidente del cuerpo y se\u00f1al\u00f3 \u00abno nos recibi\u00f3 m\u00e1s, desoyendo la decisi\u00f3n muy atinada del Juez Laboral con voluntad de que se recompongan las cosas y que se recomponga la cuesti\u00f3n institucional\u00bb<br \/>\nEn declaraciones a Radio Argentina, confirm\u00f3 que se solicit\u00f3 a Recursos Humanos el listado de los gremios que se le hace la retenci\u00f3n en concepto de cuotas fijas para buscar, en base a eso, el n\u00famero de representatividad m\u00ednima que debe tener para representar a los trabajadores en una mesa paritaria y la patronal decidi\u00f3 unilateralmente llevar adelante esta maniobra para que esto no funcione y se siente nada m\u00e1s que APELA en la mesa de paritarias. Agreg\u00f3 que este gremio tiene \u00abotros intereses como servir a la patronal\u00bb.<br \/>\nPara finalizar, adelant\u00f3 que el gremio se presentar\u00e1 como querellante ante la denuncia de un acto de violencia por parte de una autoridad contra un trabajador.<\/p>\n","protected":false},"excerpt":{"rendered":"<p>Desde APEL, Ra\u00fal Salinas habl\u00f3 del conflicto con los empleados del Concejo Deliberante de Ushuaia: \u00abcada vez se agrava m\u00e1s por parte de la patronal respecto de la violaci\u00f3n permanente de lo que dictamina la justicia y del mismo Convenio Legislativo de Empleo\u00bb. Record\u00f3 la reuni\u00f3n que mantuvieron con el presidente del cuerpo y se\u00f1al\u00f3 [&hellip;]<\/p>\n","protected":false},"author":7,"featured_media":0,"comment_status":"open","ping_status":"open","sticky":false,"template":"","format":"standard","meta":{"footnotes":""},"categories":[76],"tags":[650,448],"class_list":["post-1877","post","type-post","status-publish","format-standard","hentry","category-otras","tag-apel","tag-salinas"],"_links":{"self":[{"href":"https:\/\/archivosonoro.com.ar\/wordpress\/index.php?rest_route=\/wp\/v2\/posts\/1877","targetHints":{"allow":["GET"]}}],"collection":[{"href":"https:\/\/archivosonoro.com.ar\/wordpress\/index.php?rest_route=\/wp\/v2\/posts"}],"about":[{"href":"https:\/\/archivosonoro.com.ar\/wordpress\/index.php?rest_route=\/wp\/v2\/types\/post"}],"author":[{"embeddable":true,"href":"https:\/\/archivosonoro.com.ar\/wordpress\/index.php?rest_route=\/wp\/v2\/users\/7"}],"replies":[{"embeddable":true,"href":"https:\/\/archivosonoro.com.ar\/wordpress\/index.php?rest_route=%2Fwp%2Fv2%2Fcomments&post=1877"}],"version-history":[{"count":1,"href":"https:\/\/archivosonoro.com.ar\/wordpress\/index.php?rest_route=\/wp\/v2\/posts\/1877\/revisions"}],"predecessor-version":[{"id":1878,"href":"https:\/\/archivosonoro.com.ar\/wordpress\/index.php?rest_route=\/wp\/v2\/posts\/1877\/revisions\/1878"}],"wp:attachment":[{"href":"https:\/\/archivosonoro.com.ar\/wordpress\/index.php?rest_route=%2Fwp%2Fv2%2Fmedia&parent=1877"}],"wp:term":[{"taxonomy":"category","embeddable":true,"href":"https:\/\/archivosonoro.com.ar\/wordpress\/index.php?rest_route=%2Fwp%2Fv2%2Fcategories&post=1877"},{"taxonomy":"post_tag","embeddable":true,"href":"https:\/\/archivosonoro.com.ar\/wordpress\/index.php?rest_route=%2Fwp%2Fv2%2Ftags&post=1877"}],"curies":[{"name":"wp","href":"https:\/\/api.w.org\/{rel}","templated":true}]}}