{"id":1871,"date":"2012-06-13T01:25:05","date_gmt":"2012-06-13T04:25:05","guid":{"rendered":"http:\/\/archivosonoro.com.ar\/?p=1871"},"modified":"2012-06-13T01:25:05","modified_gmt":"2012-06-13T04:25:05","slug":"la-bronca-de-los-camioneros-permitieron-pasar-2-micros-con-turistas-y-dejaron-5-camiones-y-que-rio-grande-se-quede-sin-combustible","status":"publish","type":"post","link":"https:\/\/archivosonoro.com.ar\/wordpress\/?p=1871","title":{"rendered":"La bronca de los camioneros: \u00abpermitieron pasar 2 micros con turistas y dejaron 5 camiones y que R\u00edo Grande se quede sin combustible\u00bb."},"content":{"rendered":"<p>\u00abEst\u00e1 complicado\u00bb el abastecimiento de combustible en R\u00edo Grande por la cuesti\u00f3n clim\u00e1tica, asegur\u00f3 Guillermo Vargas adelantando que a partir del jueves \u00abveremos si ser\u00e1 una cuesti\u00f3n gremial\u00bb.<br \/>\nEntrevistado en FM Fr\u00eda, el dirigente del Sindicato de Camioneros se\u00f1al\u00f3 que se est\u00e1 asistiendo a los camioneros en la ruta por los inconvenientes que generan las nevadas no solo en Ushuaia sino tambi\u00e9n en la ruta internacional en el tramo Bah\u00eda Azul-San Sebasti\u00e1n.<br \/>\nVargas resalt\u00f3 el malestar de los camioneros que vieron retrasado su paso cuando R\u00edo Grande se estaba quedando sin combustible y aclarando que no est\u00e1 para criticar, habl\u00f3 de la designaci\u00f3n de D&#8217;Andrea al frente de Vialidad Provincial. \u00abLa bronca de los camioneros que desat\u00f3 todo fue que permitieron pasar 2 micros con turistas y dejaron 5 camiones y que R\u00edo Grande se quede sin combustible\u00bb, dijo en FM Fr\u00eda.<br \/>\nFinalizando la entrevista aclar\u00f3 que \u00abnunca se planteo hacer un paro por el estado de la Ruta 3, por ahora, porque entendemos que algo est\u00e1n haciendo. El estado de alerta y movilizaci\u00f3n es por el tema de paritarias del cual el gobierno, el Ministerio de Trabajo y la C\u00e1mara Argentina de Entidades Empresarias que nuclea al autotransporte de cargas, hace o\u00eddos sordos al 30% de aumento pedido por la Federaci\u00f3n Nacional de Camioneros\u00bb.<\/p>\n","protected":false},"excerpt":{"rendered":"<p>\u00abEst\u00e1 complicado\u00bb el abastecimiento de combustible en R\u00edo Grande por la cuesti\u00f3n clim\u00e1tica, asegur\u00f3 Guillermo Vargas adelantando que a partir del jueves \u00abveremos si ser\u00e1 una cuesti\u00f3n gremial\u00bb. Entrevistado en FM Fr\u00eda, el dirigente del Sindicato de Camioneros se\u00f1al\u00f3 que se est\u00e1 asistiendo a los camioneros en la ruta por los inconvenientes que generan las [&hellip;]<\/p>\n","protected":false},"author":7,"featured_media":0,"comment_status":"open","ping_status":"open","sticky":false,"template":"","format":"standard","meta":{"footnotes":""},"categories":[633],"tags":[648,185],"class_list":["post-1871","post","type-post","status-publish","format-standard","hentry","category-fm-fria","tag-dandrea","tag-vargas"],"_links":{"self":[{"href":"https:\/\/archivosonoro.com.ar\/wordpress\/index.php?rest_route=\/wp\/v2\/posts\/1871","targetHints":{"allow":["GET"]}}],"collection":[{"href":"https:\/\/archivosonoro.com.ar\/wordpress\/index.php?rest_route=\/wp\/v2\/posts"}],"about":[{"href":"https:\/\/archivosonoro.com.ar\/wordpress\/index.php?rest_route=\/wp\/v2\/types\/post"}],"author":[{"embeddable":true,"href":"https:\/\/archivosonoro.com.ar\/wordpress\/index.php?rest_route=\/wp\/v2\/users\/7"}],"replies":[{"embeddable":true,"href":"https:\/\/archivosonoro.com.ar\/wordpress\/index.php?rest_route=%2Fwp%2Fv2%2Fcomments&post=1871"}],"version-history":[{"count":1,"href":"https:\/\/archivosonoro.com.ar\/wordpress\/index.php?rest_route=\/wp\/v2\/posts\/1871\/revisions"}],"predecessor-version":[{"id":1872,"href":"https:\/\/archivosonoro.com.ar\/wordpress\/index.php?rest_route=\/wp\/v2\/posts\/1871\/revisions\/1872"}],"wp:attachment":[{"href":"https:\/\/archivosonoro.com.ar\/wordpress\/index.php?rest_route=%2Fwp%2Fv2%2Fmedia&parent=1871"}],"wp:term":[{"taxonomy":"category","embeddable":true,"href":"https:\/\/archivosonoro.com.ar\/wordpress\/index.php?rest_route=%2Fwp%2Fv2%2Fcategories&post=1871"},{"taxonomy":"post_tag","embeddable":true,"href":"https:\/\/archivosonoro.com.ar\/wordpress\/index.php?rest_route=%2Fwp%2Fv2%2Ftags&post=1871"}],"curies":[{"name":"wp","href":"https:\/\/api.w.org\/{rel}","templated":true}]}}