{"id":1847,"date":"2012-06-12T10:14:09","date_gmt":"2012-06-12T13:14:09","guid":{"rendered":"http:\/\/archivosonoro.com.ar\/?p=1847"},"modified":"2012-06-12T10:14:09","modified_gmt":"2012-06-12T13:14:09","slug":"garcia-j-sabiamos-que-lanata-no-venia-a-conocer-que-se-esta-haciendo-en-tierra-del-fuego","status":"publish","type":"post","link":"https:\/\/archivosonoro.com.ar\/wordpress\/?p=1847","title":{"rendered":"Garc\u00eda J :\u00bbSab\u00edamos que Lanata no ven\u00eda a conocer que se est\u00e1 haciendo en Tierra del Fuego\u00bb."},"content":{"rendered":"<p>\u00abSab\u00edamos que Lanata no ven\u00eda a conocer que se est\u00e1 haciendo en Tierra del Fuego sino que ven\u00eda ac\u00e1 con la clara intenci\u00f3n de mostrar lo que quer\u00eda mostrar\u00bb, asegur\u00f3 Juan Pablo Garc\u00eda calificando de tendencioso el informe que present\u00f3 el pasado domingo. \u00abDecidieron cortar informaci\u00f3n que ellos ten\u00edan y que hab\u00edan documentado y que mostraba algo diferente de lo que es Tierra del Fuego\u00bb, a\u00f1adi\u00f3.<br \/>\nEl Secretario de Industria aclar\u00f3 en FM del Sur que \u00ablos procesos productivos que se hacen en Tierra del Fuego, son los procesos productivos que el gobierno nacional les exige a las empresas\u00bb y explic\u00f3 de que se trata este proceso productivo que se hace en la provincia.<br \/>\nGarc\u00eda resalt\u00f3 que hubiera sido importante hablar de la sustituci\u00f3n de partes y componentes importados por nacionales si el informe hubiera sido objetivo y abarcador de la problem\u00e1tica.<br \/>\nEl funcionario dijo que preocupan todos los ataque al r\u00e9gimen de promoci\u00f3n y que en la b\u00fasqueda de elementos para pegarle al gobierno nacional nosotros quedamos atrapados porque puede tener consecuencias concluyendo en que \u00abel r\u00e9gimen ha logrado un desarrollo y un volumen que no ten\u00eda y que eso est\u00e1 permiti\u00e9ndonos trabajar en la profundizaci\u00f3n de pol\u00edticas para fortalecerlo a\u00fan m\u00e1s\u00bb<br \/>\nSi quiere ver el programa de Lanata sobre el r\u00e9gimen de promoci\u00f3n industrial en Tierra del Fuego, clikee en el recuadro: Industria Argentina, un cuento chino.<\/p>\n","protected":false},"excerpt":{"rendered":"<p>\u00abSab\u00edamos que Lanata no ven\u00eda a conocer que se est\u00e1 haciendo en Tierra del Fuego sino que ven\u00eda ac\u00e1 con la clara intenci\u00f3n de mostrar lo que quer\u00eda mostrar\u00bb, asegur\u00f3 Juan Pablo Garc\u00eda calificando de tendencioso el informe que present\u00f3 el pasado domingo. \u00abDecidieron cortar informaci\u00f3n que ellos ten\u00edan y que hab\u00edan documentado y que [&hellip;]<\/p>\n","protected":false},"author":7,"featured_media":0,"comment_status":"open","ping_status":"open","sticky":false,"template":"","format":"standard","meta":{"footnotes":""},"categories":[17],"tags":[163,645],"class_list":["post-1847","post","type-post","status-publish","format-standard","hentry","category-fm-del-sur","tag-garcia","tag-lanata"],"_links":{"self":[{"href":"https:\/\/archivosonoro.com.ar\/wordpress\/index.php?rest_route=\/wp\/v2\/posts\/1847","targetHints":{"allow":["GET"]}}],"collection":[{"href":"https:\/\/archivosonoro.com.ar\/wordpress\/index.php?rest_route=\/wp\/v2\/posts"}],"about":[{"href":"https:\/\/archivosonoro.com.ar\/wordpress\/index.php?rest_route=\/wp\/v2\/types\/post"}],"author":[{"embeddable":true,"href":"https:\/\/archivosonoro.com.ar\/wordpress\/index.php?rest_route=\/wp\/v2\/users\/7"}],"replies":[{"embeddable":true,"href":"https:\/\/archivosonoro.com.ar\/wordpress\/index.php?rest_route=%2Fwp%2Fv2%2Fcomments&post=1847"}],"version-history":[{"count":1,"href":"https:\/\/archivosonoro.com.ar\/wordpress\/index.php?rest_route=\/wp\/v2\/posts\/1847\/revisions"}],"predecessor-version":[{"id":1848,"href":"https:\/\/archivosonoro.com.ar\/wordpress\/index.php?rest_route=\/wp\/v2\/posts\/1847\/revisions\/1848"}],"wp:attachment":[{"href":"https:\/\/archivosonoro.com.ar\/wordpress\/index.php?rest_route=%2Fwp%2Fv2%2Fmedia&parent=1847"}],"wp:term":[{"taxonomy":"category","embeddable":true,"href":"https:\/\/archivosonoro.com.ar\/wordpress\/index.php?rest_route=%2Fwp%2Fv2%2Fcategories&post=1847"},{"taxonomy":"post_tag","embeddable":true,"href":"https:\/\/archivosonoro.com.ar\/wordpress\/index.php?rest_route=%2Fwp%2Fv2%2Ftags&post=1847"}],"curies":[{"name":"wp","href":"https:\/\/api.w.org\/{rel}","templated":true}]}}