{"id":1844,"date":"2012-06-12T00:59:03","date_gmt":"2012-06-12T03:59:03","guid":{"rendered":"http:\/\/archivosonoro.com.ar\/?p=1844"},"modified":"2012-06-12T00:59:03","modified_gmt":"2012-06-12T03:59:03","slug":"queno-c-estamos-tranquilos","status":"publish","type":"post","link":"https:\/\/archivosonoro.com.ar\/wordpress\/?p=1844","title":{"rendered":"Queno C: \u00abestamos tranquilos\u00bb."},"content":{"rendered":"<p>El Intendente de Tolhuin confirm\u00f3 que contin\u00faan las nevadas y ya hay acumulados unos 40cm: \u00abcomo la nevada del &#8217;95, no pero es bastante\u00bb, dijo en Radio Argentina. Adem\u00e1s, confirm\u00f3 que est\u00e1n trabajando con 4 m\u00e1quinas y la zona rural es asistida por Vialidad Provincial. Claudio Queno se\u00f1al\u00f3 que pidi\u00f3 asistencia al ejecutivo provincial con una ayuda extraordinaria y destac\u00f3 que ayer no se trabaj\u00f3 por problemas en el abastecimiento de combustible. \u00abEstamos tranquilos, hay chicos disfrutando de la nieve\u00bb, afirm\u00f3 el intendente a\u00f1adiendo que ma\u00f1ana se reanudan las actividades.<\/p>\n","protected":false},"excerpt":{"rendered":"<p>El Intendente de Tolhuin confirm\u00f3 que contin\u00faan las nevadas y ya hay acumulados unos 40cm: \u00abcomo la nevada del &#8217;95, no pero es bastante\u00bb, dijo en Radio Argentina. Adem\u00e1s, confirm\u00f3 que est\u00e1n trabajando con 4 m\u00e1quinas y la zona rural es asistida por Vialidad Provincial. Claudio Queno se\u00f1al\u00f3 que pidi\u00f3 asistencia al ejecutivo provincial con [&hellip;]<\/p>\n","protected":false},"author":7,"featured_media":0,"comment_status":"open","ping_status":"open","sticky":false,"template":"","format":"standard","meta":{"footnotes":""},"categories":[76],"tags":[505,203],"class_list":["post-1844","post","type-post","status-publish","format-standard","hentry","category-otras","tag-queno","tag-tolhuin"],"_links":{"self":[{"href":"https:\/\/archivosonoro.com.ar\/wordpress\/index.php?rest_route=\/wp\/v2\/posts\/1844","targetHints":{"allow":["GET"]}}],"collection":[{"href":"https:\/\/archivosonoro.com.ar\/wordpress\/index.php?rest_route=\/wp\/v2\/posts"}],"about":[{"href":"https:\/\/archivosonoro.com.ar\/wordpress\/index.php?rest_route=\/wp\/v2\/types\/post"}],"author":[{"embeddable":true,"href":"https:\/\/archivosonoro.com.ar\/wordpress\/index.php?rest_route=\/wp\/v2\/users\/7"}],"replies":[{"embeddable":true,"href":"https:\/\/archivosonoro.com.ar\/wordpress\/index.php?rest_route=%2Fwp%2Fv2%2Fcomments&post=1844"}],"version-history":[{"count":1,"href":"https:\/\/archivosonoro.com.ar\/wordpress\/index.php?rest_route=\/wp\/v2\/posts\/1844\/revisions"}],"predecessor-version":[{"id":1845,"href":"https:\/\/archivosonoro.com.ar\/wordpress\/index.php?rest_route=\/wp\/v2\/posts\/1844\/revisions\/1845"}],"wp:attachment":[{"href":"https:\/\/archivosonoro.com.ar\/wordpress\/index.php?rest_route=%2Fwp%2Fv2%2Fmedia&parent=1844"}],"wp:term":[{"taxonomy":"category","embeddable":true,"href":"https:\/\/archivosonoro.com.ar\/wordpress\/index.php?rest_route=%2Fwp%2Fv2%2Fcategories&post=1844"},{"taxonomy":"post_tag","embeddable":true,"href":"https:\/\/archivosonoro.com.ar\/wordpress\/index.php?rest_route=%2Fwp%2Fv2%2Ftags&post=1844"}],"curies":[{"name":"wp","href":"https:\/\/api.w.org\/{rel}","templated":true}]}}