{"id":1836,"date":"2012-06-11T10:33:18","date_gmt":"2012-06-11T13:33:18","guid":{"rendered":"http:\/\/archivosonoro.com.ar\/?p=1836"},"modified":"2012-06-11T10:33:18","modified_gmt":"2012-06-11T13:33:18","slug":"molayoli-s-no-ha-habido-un-solo-dia-con-actividad-normal-en-todos-los-establecimientos","status":"publish","type":"post","link":"https:\/\/archivosonoro.com.ar\/wordpress\/?p=1836","title":{"rendered":"Molayoli S: \u00abNo ha habido un solo d\u00eda con actividad normal en todos los establecimientos\u00bb."},"content":{"rendered":"<p>Lamentando que no haya un solo d\u00eda en que todas las escuelas est\u00e9n dando clases, Susana Molayoli confirm\u00f3 la falta de actividades en distintos establecimientos de R\u00edo Grande.<br \/>\nEn FM Ritual, confirm\u00f3 que est\u00e1n a la espera de la resoluci\u00f3n del Ministerio de Trabajo por la impugnaci\u00f3n a las elecciones internas del SUTEF, entendiendo que \u00abva a fallar a favor de nuestra impugnaci\u00f3n porque nos estamos ajustando a la ley\u00bb.<br \/>\nMolayoli habl\u00f3 de las profundas diferencias con la conducci\u00f3n provincial y critic\u00f3 la toma de decisiones sin la consulta a la seccional que conduce ni a las bases como sucedi\u00f3 con la adhesi\u00f3n al paro del 8 de junio dispuesto por la CTA.<\/p>\n","protected":false},"excerpt":{"rendered":"<p>Lamentando que no haya un solo d\u00eda en que todas las escuelas est\u00e9n dando clases, Susana Molayoli confirm\u00f3 la falta de actividades en distintos establecimientos de R\u00edo Grande. En FM Ritual, confirm\u00f3 que est\u00e1n a la espera de la resoluci\u00f3n del Ministerio de Trabajo por la impugnaci\u00f3n a las elecciones internas del SUTEF, entendiendo que [&hellip;]<\/p>\n","protected":false},"author":7,"featured_media":0,"comment_status":"open","ping_status":"open","sticky":false,"template":"","format":"standard","meta":{"footnotes":""},"categories":[542],"tags":[30,31],"class_list":["post-1836","post","type-post","status-publish","format-standard","hentry","category-fm-ritual","tag-molayoli","tag-sutef"],"_links":{"self":[{"href":"https:\/\/archivosonoro.com.ar\/wordpress\/index.php?rest_route=\/wp\/v2\/posts\/1836","targetHints":{"allow":["GET"]}}],"collection":[{"href":"https:\/\/archivosonoro.com.ar\/wordpress\/index.php?rest_route=\/wp\/v2\/posts"}],"about":[{"href":"https:\/\/archivosonoro.com.ar\/wordpress\/index.php?rest_route=\/wp\/v2\/types\/post"}],"author":[{"embeddable":true,"href":"https:\/\/archivosonoro.com.ar\/wordpress\/index.php?rest_route=\/wp\/v2\/users\/7"}],"replies":[{"embeddable":true,"href":"https:\/\/archivosonoro.com.ar\/wordpress\/index.php?rest_route=%2Fwp%2Fv2%2Fcomments&post=1836"}],"version-history":[{"count":1,"href":"https:\/\/archivosonoro.com.ar\/wordpress\/index.php?rest_route=\/wp\/v2\/posts\/1836\/revisions"}],"predecessor-version":[{"id":1837,"href":"https:\/\/archivosonoro.com.ar\/wordpress\/index.php?rest_route=\/wp\/v2\/posts\/1836\/revisions\/1837"}],"wp:attachment":[{"href":"https:\/\/archivosonoro.com.ar\/wordpress\/index.php?rest_route=%2Fwp%2Fv2%2Fmedia&parent=1836"}],"wp:term":[{"taxonomy":"category","embeddable":true,"href":"https:\/\/archivosonoro.com.ar\/wordpress\/index.php?rest_route=%2Fwp%2Fv2%2Fcategories&post=1836"},{"taxonomy":"post_tag","embeddable":true,"href":"https:\/\/archivosonoro.com.ar\/wordpress\/index.php?rest_route=%2Fwp%2Fv2%2Ftags&post=1836"}],"curies":[{"name":"wp","href":"https:\/\/api.w.org\/{rel}","templated":true}]}}