{"id":1811,"date":"2012-06-10T21:45:32","date_gmt":"2012-06-11T00:45:32","guid":{"rendered":"http:\/\/archivosonoro.com.ar\/?p=1811"},"modified":"2012-06-10T21:48:29","modified_gmt":"2012-06-11T00:48:29","slug":"boyadjian-m-el-estacionamiento-medido-en-rio-grande-se-tratara-en-la-proxima-sesion-del-concejo-deliberante","status":"publish","type":"post","link":"https:\/\/archivosonoro.com.ar\/wordpress\/?p=1811","title":{"rendered":"Boyadjian M: El estacionamiento medido en R\u00edo Grande se tratar\u00e1 en la pr\u00f3xima sesi\u00f3n del Concejo Deliberante."},"content":{"rendered":"<p>Luego de formular algunas apreciaciones por el D\u00eda del Periodista, la Presidenta del Concejo Deliberante de R\u00edo Grande respondi\u00f3 sobre el proyecto por el estacionamiento medido que ser\u00e1 tratado en la pr\u00f3xima sesi\u00f3n ordinaria del cuerpo. Confirm\u00f3 que cambiaron muchas cosas del pliego de bases y condiciones que envi\u00f3 el ejecutivo y explic\u00f3 cuestiones como radio de aplicaci\u00f3n, empleados, tarifa y la habilitaci\u00f3n de garages y estacionamientos privados.<br \/>\nLa quita de coparticipaci\u00f3n que pretende el ejecutivo provincial, tambi\u00e9n fue tema de la entrevista a Miriam Boyadjian en \u00abEl correo de los s\u00e1bados\u00bb. \u00abMe parece que estamos todos preocupados\u00bb, dijo la funcionaria expresando las diferentes realidades y posiciones de las comunas fueguinas, destacando el encuentro con la gobernadora en donde \u00abpudimos preguntarle las dudas que ten\u00edamos y transmitirle nuestra situaci\u00f3n\u00bb.<\/p>\n","protected":false},"excerpt":{"rendered":"<p>Luego de formular algunas apreciaciones por el D\u00eda del Periodista, la Presidenta del Concejo Deliberante de R\u00edo Grande respondi\u00f3 sobre el proyecto por el estacionamiento medido que ser\u00e1 tratado en la pr\u00f3xima sesi\u00f3n ordinaria del cuerpo. Confirm\u00f3 que cambiaron muchas cosas del pliego de bases y condiciones que envi\u00f3 el ejecutivo y explic\u00f3 cuestiones como [&hellip;]<\/p>\n","protected":false},"author":7,"featured_media":0,"comment_status":"open","ping_status":"open","sticky":false,"template":"","format":"standard","meta":{"footnotes":""},"categories":[14],"tags":[338],"class_list":["post-1811","post","type-post","status-publish","format-standard","hentry","category-fm-del-sol","tag-boyadjian"],"_links":{"self":[{"href":"https:\/\/archivosonoro.com.ar\/wordpress\/index.php?rest_route=\/wp\/v2\/posts\/1811","targetHints":{"allow":["GET"]}}],"collection":[{"href":"https:\/\/archivosonoro.com.ar\/wordpress\/index.php?rest_route=\/wp\/v2\/posts"}],"about":[{"href":"https:\/\/archivosonoro.com.ar\/wordpress\/index.php?rest_route=\/wp\/v2\/types\/post"}],"author":[{"embeddable":true,"href":"https:\/\/archivosonoro.com.ar\/wordpress\/index.php?rest_route=\/wp\/v2\/users\/7"}],"replies":[{"embeddable":true,"href":"https:\/\/archivosonoro.com.ar\/wordpress\/index.php?rest_route=%2Fwp%2Fv2%2Fcomments&post=1811"}],"version-history":[{"count":2,"href":"https:\/\/archivosonoro.com.ar\/wordpress\/index.php?rest_route=\/wp\/v2\/posts\/1811\/revisions"}],"predecessor-version":[{"id":1814,"href":"https:\/\/archivosonoro.com.ar\/wordpress\/index.php?rest_route=\/wp\/v2\/posts\/1811\/revisions\/1814"}],"wp:attachment":[{"href":"https:\/\/archivosonoro.com.ar\/wordpress\/index.php?rest_route=%2Fwp%2Fv2%2Fmedia&parent=1811"}],"wp:term":[{"taxonomy":"category","embeddable":true,"href":"https:\/\/archivosonoro.com.ar\/wordpress\/index.php?rest_route=%2Fwp%2Fv2%2Fcategories&post=1811"},{"taxonomy":"post_tag","embeddable":true,"href":"https:\/\/archivosonoro.com.ar\/wordpress\/index.php?rest_route=%2Fwp%2Fv2%2Ftags&post=1811"}],"curies":[{"name":"wp","href":"https:\/\/api.w.org\/{rel}","templated":true}]}}