{"id":1809,"date":"2012-06-10T21:20:08","date_gmt":"2012-06-11T00:20:08","guid":{"rendered":"http:\/\/archivosonoro.com.ar\/?p=1809"},"modified":"2012-06-10T21:20:08","modified_gmt":"2012-06-11T00:20:08","slug":"decreto-751-el-senador-lopez-pidio-que-se-lleve-tranquilidad-a-la-poblacion","status":"publish","type":"post","link":"https:\/\/archivosonoro.com.ar\/wordpress\/?p=1809","title":{"rendered":"Decreto 751: el senador Lopez pidi\u00f3 que se lleve tranquilidad a la poblaci\u00f3n."},"content":{"rendered":"<p>En el \u00faltimo tramo de la ma\u00f1ana de \u00abDos preguntan\u00bb, se incorpor\u00f3 el Senador Osvaldo Lopez quien explic\u00f3 que el Ministerio de Econom\u00eda de la Naci\u00f3n est\u00e1 trabajando en las resoluciones complementarias y reglamentarias del Decreto 751 que ser\u00e1n difundidas oportunamente y pidi\u00f3 que se lleve tranquilidad a la poblaci\u00f3n.<br \/>\nNuevamente se toc\u00f3 el tema de la extensi\u00f3n de los contratos petroleros y los disertantes fijaron su posici\u00f3n en este tema.<\/p>\n","protected":false},"excerpt":{"rendered":"<p>En el \u00faltimo tramo de la ma\u00f1ana de \u00abDos preguntan\u00bb, se incorpor\u00f3 el Senador Osvaldo Lopez quien explic\u00f3 que el Ministerio de Econom\u00eda de la Naci\u00f3n est\u00e1 trabajando en las resoluciones complementarias y reglamentarias del Decreto 751 que ser\u00e1n difundidas oportunamente y pidi\u00f3 que se lleve tranquilidad a la poblaci\u00f3n. Nuevamente se toc\u00f3 el tema [&hellip;]<\/p>\n","protected":false},"author":7,"featured_media":0,"comment_status":"open","ping_status":"open","sticky":false,"template":"","format":"standard","meta":{"footnotes":""},"categories":[543],"tags":[639,59,358,64],"class_list":["post-1809","post","type-post","status-publish","format-standard","hentry","category-fm-universidad","tag-da-fonseca","tag-lopez","tag-marinello","tag-nogar"],"_links":{"self":[{"href":"https:\/\/archivosonoro.com.ar\/wordpress\/index.php?rest_route=\/wp\/v2\/posts\/1809","targetHints":{"allow":["GET"]}}],"collection":[{"href":"https:\/\/archivosonoro.com.ar\/wordpress\/index.php?rest_route=\/wp\/v2\/posts"}],"about":[{"href":"https:\/\/archivosonoro.com.ar\/wordpress\/index.php?rest_route=\/wp\/v2\/types\/post"}],"author":[{"embeddable":true,"href":"https:\/\/archivosonoro.com.ar\/wordpress\/index.php?rest_route=\/wp\/v2\/users\/7"}],"replies":[{"embeddable":true,"href":"https:\/\/archivosonoro.com.ar\/wordpress\/index.php?rest_route=%2Fwp%2Fv2%2Fcomments&post=1809"}],"version-history":[{"count":1,"href":"https:\/\/archivosonoro.com.ar\/wordpress\/index.php?rest_route=\/wp\/v2\/posts\/1809\/revisions"}],"predecessor-version":[{"id":1810,"href":"https:\/\/archivosonoro.com.ar\/wordpress\/index.php?rest_route=\/wp\/v2\/posts\/1809\/revisions\/1810"}],"wp:attachment":[{"href":"https:\/\/archivosonoro.com.ar\/wordpress\/index.php?rest_route=%2Fwp%2Fv2%2Fmedia&parent=1809"}],"wp:term":[{"taxonomy":"category","embeddable":true,"href":"https:\/\/archivosonoro.com.ar\/wordpress\/index.php?rest_route=%2Fwp%2Fv2%2Fcategories&post=1809"},{"taxonomy":"post_tag","embeddable":true,"href":"https:\/\/archivosonoro.com.ar\/wordpress\/index.php?rest_route=%2Fwp%2Fv2%2Ftags&post=1809"}],"curies":[{"name":"wp","href":"https:\/\/api.w.org\/{rel}","templated":true}]}}