{"id":1807,"date":"2012-06-10T21:01:02","date_gmt":"2012-06-11T00:01:02","guid":{"rendered":"http:\/\/archivosonoro.com.ar\/?p=1807"},"modified":"2012-06-10T21:01:02","modified_gmt":"2012-06-11T00:01:02","slug":"da-fonseca-y-catalan-magni-discutieron-acaloradamente-en-la-manana-de-fm-universidad","status":"publish","type":"post","link":"https:\/\/archivosonoro.com.ar\/wordpress\/?p=1807","title":{"rendered":"Da Fonseca Y Catal\u00e1n Magni discutieron acaloradamente en la ma\u00f1ana de FM Universidad."},"content":{"rendered":"<p>El abogado Javier Da Fonseca se sum\u00f3 a la ma\u00f1ana de \u00abDos Preguntan\u00bb y discrep\u00f3 con los invitados anteriores en cuanto al objetivo del Decreto 751: \u00abNo creo que esto tenga que ver con una pol\u00edtica petrolera pensada y dise\u00f1ada en pos del autoabastecimiento y todo lo que se dice, sino todo lo contrario. Tiene el gobierno nacional serios problemas de caja y ha hecho lo que se denomina la sinton\u00eda fina que no es otra cosa que un severo ajuste que lo est\u00e1 promoviendo el gobierno federal y est\u00e1 bajando l\u00ednea a cada una de las provincias\u00bb. Dijo que el gobierno nacional no sabe gobernar sin dinero y en austeridad.<br \/>\nEl Diputado por el Frente para la Victoria, Julio Catal\u00e1n Magni particip\u00f3 en este bloque v\u00eda telef\u00f3nica y manifestando el respeto por las declaraciones de Da Fonseca, dijo que \u00abcada uno hace la lectura que le conviene (&#8230;) no podemos como provincia, de ninguna manera, decir que el gobierno nacional tiene un problema de caja y a partir de eso, sale a generar recursos como sea\u00bb, y record\u00f3 el acompa\u00f1amiento de Naci\u00f3n en varios aspectos provinciales.<br \/>\nCabe destacar, que cuando se introduce a Catal\u00e1n Magni en la conversaci\u00f3n y se le resume la opini\u00f3n del abogado Da Fonseca en cuanto a que el gobierno nacional no sabe gobernar sin plata, Fabio Marinello acota: \u00abse parece a los municipios\u00bb.<br \/>\nDurante este tramo del programa, discutieron acaloradamente y Catal\u00e1n Magni reproch\u00f3 a Da Fonseca el ataque que recibe la 19640 por los radicales en el Congreso de la Naci\u00f3n y Da Fonseca respondi\u00f3, entre otras cosas, \u00abla verdad de la milanesa es que este es un gobierno de corruptos y de chorros y lo defienden a como de lugar\u00bb. Finalizando este tramo, el Diputado dio su opini\u00f3n sobre el Decreto 751 a pedido del funcionario Omar Nogar.<\/p>\n","protected":false},"excerpt":{"rendered":"<p>El abogado Javier Da Fonseca se sum\u00f3 a la ma\u00f1ana de \u00abDos Preguntan\u00bb y discrep\u00f3 con los invitados anteriores en cuanto al objetivo del Decreto 751: \u00abNo creo que esto tenga que ver con una pol\u00edtica petrolera pensada y dise\u00f1ada en pos del autoabastecimiento y todo lo que se dice, sino todo lo contrario. Tiene [&hellip;]<\/p>\n","protected":false},"author":7,"featured_media":0,"comment_status":"open","ping_status":"open","sticky":false,"template":"","format":"standard","meta":{"footnotes":""},"categories":[543],"tags":[198,639,358,64],"class_list":["post-1807","post","type-post","status-publish","format-standard","hentry","category-fm-universidad","tag-catalan-magni","tag-da-fonseca","tag-marinello","tag-nogar"],"_links":{"self":[{"href":"https:\/\/archivosonoro.com.ar\/wordpress\/index.php?rest_route=\/wp\/v2\/posts\/1807","targetHints":{"allow":["GET"]}}],"collection":[{"href":"https:\/\/archivosonoro.com.ar\/wordpress\/index.php?rest_route=\/wp\/v2\/posts"}],"about":[{"href":"https:\/\/archivosonoro.com.ar\/wordpress\/index.php?rest_route=\/wp\/v2\/types\/post"}],"author":[{"embeddable":true,"href":"https:\/\/archivosonoro.com.ar\/wordpress\/index.php?rest_route=\/wp\/v2\/users\/7"}],"replies":[{"embeddable":true,"href":"https:\/\/archivosonoro.com.ar\/wordpress\/index.php?rest_route=%2Fwp%2Fv2%2Fcomments&post=1807"}],"version-history":[{"count":1,"href":"https:\/\/archivosonoro.com.ar\/wordpress\/index.php?rest_route=\/wp\/v2\/posts\/1807\/revisions"}],"predecessor-version":[{"id":1808,"href":"https:\/\/archivosonoro.com.ar\/wordpress\/index.php?rest_route=\/wp\/v2\/posts\/1807\/revisions\/1808"}],"wp:attachment":[{"href":"https:\/\/archivosonoro.com.ar\/wordpress\/index.php?rest_route=%2Fwp%2Fv2%2Fmedia&parent=1807"}],"wp:term":[{"taxonomy":"category","embeddable":true,"href":"https:\/\/archivosonoro.com.ar\/wordpress\/index.php?rest_route=%2Fwp%2Fv2%2Fcategories&post=1807"},{"taxonomy":"post_tag","embeddable":true,"href":"https:\/\/archivosonoro.com.ar\/wordpress\/index.php?rest_route=%2Fwp%2Fv2%2Ftags&post=1807"}],"curies":[{"name":"wp","href":"https:\/\/api.w.org\/{rel}","templated":true}]}}