{"id":1803,"date":"2012-06-09T12:03:13","date_gmt":"2012-06-09T15:03:13","guid":{"rendered":"http:\/\/archivosonoro.com.ar\/?p=1803"},"modified":"2012-06-09T12:03:13","modified_gmt":"2012-06-09T15:03:13","slug":"lopez-auil-h-bajo-acatamiento-al-paro-de-ayer","status":"publish","type":"post","link":"https:\/\/archivosonoro.com.ar\/wordpress\/?p=1803","title":{"rendered":"Lopez Auil H: Bajo acatamiento al paro de ayer\u00bb."},"content":{"rendered":"<p>En R\u00edo Grande, el acatamiento al paro de la CTA \u00abfue un poco bajo porque ha salido parte de la CTA a plantear  que no adher\u00eda al paro\u00bb, en coincidencia del planteo de Hugo Yaski que hoy por hoy, podr\u00edamos decir que \u00abes uno de los succiona calcetines de Cristina de Kirchner\u00bb, se\u00f1al\u00f3 Hector Lopez Auil. Adem\u00e1s, habl\u00f3 de la situaci\u00f3n por la que atraviesa la CTA y de las figuras de Michelli y Yaski.<br \/>\nEntrevistado en \u00abEl correo de  los s\u00e1bados\u00bb, el dirigente del SUTEF asegur\u00f3 que el 90% de las escuelas no llegar\u00e1 a dictar los 180 d\u00edas de clases y detall\u00f3 inconvenientes que se presentan en distintos establecimientos educativos de R\u00edo Grande.<br \/>\nFinalmente, respondi\u00f3 sobre las elecciones internas del sindicato justificando el accionar de la conducci\u00f3n provincial y de la junta electoral, confirmando que ayer lleg\u00f3 la notificaci\u00f3n del Ministerio de Trabajo aceptando ser los veedores del proceso electoral y que a\u00fan no hay definici\u00f3n en cuanto a la impugnaci\u00f3n planteada por un sector.<\/p>\n","protected":false},"excerpt":{"rendered":"<p>En R\u00edo Grande, el acatamiento al paro de la CTA \u00abfue un poco bajo porque ha salido parte de la CTA a plantear que no adher\u00eda al paro\u00bb, en coincidencia del planteo de Hugo Yaski que hoy por hoy, podr\u00edamos decir que \u00abes uno de los succiona calcetines de Cristina de Kirchner\u00bb, se\u00f1al\u00f3 Hector Lopez [&hellip;]<\/p>\n","protected":false},"author":7,"featured_media":0,"comment_status":"open","ping_status":"open","sticky":false,"template":"","format":"standard","meta":{"footnotes":""},"categories":[14],"tags":[15,638,31,637],"class_list":["post-1803","post","type-post","status-publish","format-standard","hentry","category-fm-del-sol","tag-lopez-auil","tag-michelli","tag-sutef","tag-yaski"],"_links":{"self":[{"href":"https:\/\/archivosonoro.com.ar\/wordpress\/index.php?rest_route=\/wp\/v2\/posts\/1803","targetHints":{"allow":["GET"]}}],"collection":[{"href":"https:\/\/archivosonoro.com.ar\/wordpress\/index.php?rest_route=\/wp\/v2\/posts"}],"about":[{"href":"https:\/\/archivosonoro.com.ar\/wordpress\/index.php?rest_route=\/wp\/v2\/types\/post"}],"author":[{"embeddable":true,"href":"https:\/\/archivosonoro.com.ar\/wordpress\/index.php?rest_route=\/wp\/v2\/users\/7"}],"replies":[{"embeddable":true,"href":"https:\/\/archivosonoro.com.ar\/wordpress\/index.php?rest_route=%2Fwp%2Fv2%2Fcomments&post=1803"}],"version-history":[{"count":1,"href":"https:\/\/archivosonoro.com.ar\/wordpress\/index.php?rest_route=\/wp\/v2\/posts\/1803\/revisions"}],"predecessor-version":[{"id":1804,"href":"https:\/\/archivosonoro.com.ar\/wordpress\/index.php?rest_route=\/wp\/v2\/posts\/1803\/revisions\/1804"}],"wp:attachment":[{"href":"https:\/\/archivosonoro.com.ar\/wordpress\/index.php?rest_route=%2Fwp%2Fv2%2Fmedia&parent=1803"}],"wp:term":[{"taxonomy":"category","embeddable":true,"href":"https:\/\/archivosonoro.com.ar\/wordpress\/index.php?rest_route=%2Fwp%2Fv2%2Fcategories&post=1803"},{"taxonomy":"post_tag","embeddable":true,"href":"https:\/\/archivosonoro.com.ar\/wordpress\/index.php?rest_route=%2Fwp%2Fv2%2Ftags&post=1803"}],"curies":[{"name":"wp","href":"https:\/\/api.w.org\/{rel}","templated":true}]}}