{"id":1784,"date":"2012-06-08T01:27:11","date_gmt":"2012-06-08T04:27:11","guid":{"rendered":"http:\/\/archivosonoro.com.ar\/?p=1784"},"modified":"2012-06-25T13:25:45","modified_gmt":"2012-06-25T16:25:45","slug":"enfermera-de-maternidad-denuncia-maltrato-y-persecucion","status":"publish","type":"post","link":"https:\/\/archivosonoro.com.ar\/wordpress\/?p=1784","title":{"rendered":"Enfermera de maternidad denuncia maltrato y persecuci\u00f3n."},"content":{"rendered":"<p>Mar\u00eda Cecilia, enfermera del Hospital Regional de Ushuaia, pidi\u00f3 ayuda a trav\u00e9s de Estaci\u00f3n Patagonia por el maltrato psicol\u00f3gico y persecuci\u00f3n que sufren por parte de Sandra Lucena, Jefa de Maternidad . \u00abQuer\u00edamos ir a tu radio para que todo el mundo se entere las cosas que est\u00e1n pasando en maternidad y que nadie quiere decir nada. No nos ayudan, no tenemos ninguna contenci\u00f3n ni respuesta\u00bb, afirm\u00f3. Relat\u00f3 \u00abcosas horrorosas\u00bb que se ven en las salas y maltrato a pacientes.<\/p>\n","protected":false},"excerpt":{"rendered":"<p>Mar\u00eda Cecilia, enfermera del Hospital Regional de Ushuaia, pidi\u00f3 ayuda a trav\u00e9s de Estaci\u00f3n Patagonia por el maltrato psicol\u00f3gico y persecuci\u00f3n que sufren por parte de Sandra Lucena, Jefa de Maternidad . \u00abQuer\u00edamos ir a tu radio para que todo el mundo se entere las cosas que est\u00e1n pasando en maternidad y que nadie quiere [&hellip;]<\/p>\n","protected":false},"author":7,"featured_media":0,"comment_status":"open","ping_status":"open","sticky":false,"template":"","format":"standard","meta":{"footnotes":""},"categories":[634],"tags":[139],"class_list":["post-1784","post","type-post","status-publish","format-standard","hentry","category-estacion-patagonia","tag-hru"],"_links":{"self":[{"href":"https:\/\/archivosonoro.com.ar\/wordpress\/index.php?rest_route=\/wp\/v2\/posts\/1784","targetHints":{"allow":["GET"]}}],"collection":[{"href":"https:\/\/archivosonoro.com.ar\/wordpress\/index.php?rest_route=\/wp\/v2\/posts"}],"about":[{"href":"https:\/\/archivosonoro.com.ar\/wordpress\/index.php?rest_route=\/wp\/v2\/types\/post"}],"author":[{"embeddable":true,"href":"https:\/\/archivosonoro.com.ar\/wordpress\/index.php?rest_route=\/wp\/v2\/users\/7"}],"replies":[{"embeddable":true,"href":"https:\/\/archivosonoro.com.ar\/wordpress\/index.php?rest_route=%2Fwp%2Fv2%2Fcomments&post=1784"}],"version-history":[{"count":3,"href":"https:\/\/archivosonoro.com.ar\/wordpress\/index.php?rest_route=\/wp\/v2\/posts\/1784\/revisions"}],"predecessor-version":[{"id":2033,"href":"https:\/\/archivosonoro.com.ar\/wordpress\/index.php?rest_route=\/wp\/v2\/posts\/1784\/revisions\/2033"}],"wp:attachment":[{"href":"https:\/\/archivosonoro.com.ar\/wordpress\/index.php?rest_route=%2Fwp%2Fv2%2Fmedia&parent=1784"}],"wp:term":[{"taxonomy":"category","embeddable":true,"href":"https:\/\/archivosonoro.com.ar\/wordpress\/index.php?rest_route=%2Fwp%2Fv2%2Fcategories&post=1784"},{"taxonomy":"post_tag","embeddable":true,"href":"https:\/\/archivosonoro.com.ar\/wordpress\/index.php?rest_route=%2Fwp%2Fv2%2Ftags&post=1784"}],"curies":[{"name":"wp","href":"https:\/\/api.w.org\/{rel}","templated":true}]}}