{"id":1781,"date":"2012-06-08T01:05:59","date_gmt":"2012-06-08T04:05:59","guid":{"rendered":"http:\/\/archivosonoro.com.ar\/?p=1781"},"modified":"2012-06-25T13:26:01","modified_gmt":"2012-06-25T16:26:01","slug":"arce-r-sutef-adhiere-al-paro-de-la-cta","status":"publish","type":"post","link":"https:\/\/archivosonoro.com.ar\/wordpress\/?p=1781","title":{"rendered":"Arce R: SUTEF adhiere al paro de la CTA."},"content":{"rendered":"<p>Desde el SUTEF, Ra\u00fal Arce resumi\u00f3 la resoluci\u00f3n del congreso celebrado el jueves. Se resolvi\u00f3 inicialmente solidarizarse con Ulises Barr\u00eda quien fuera detenido al intentar manifestarse antes de un acto p\u00fablico: \u00abayer conoc\u00edamos el parte m\u00e9dico de rotura de ligamentos y esguince, adem\u00e1s de la rotura de anteojos recetados y el mal pasar que tuvo su pareja\u00bb, dijo en FM Fr\u00eda. Luego,confirm\u00f3 la adhesi\u00f3n al paro nacional dispuesto para este viernes por la CTA aclarando la decisi\u00f3n de respetar el actual mandato de la confederaci\u00f3n e inform\u00f3 que el SUTEF adhiere al plebiscito propuesto por la CTA en relaci\u00f3n al Concejo de la Magistratura esperando que la aceptaci\u00f3n de la gobernadora en la reuni\u00f3n con Michelli no caiga en una mera cuesti\u00f3n demag\u00f3gica.<br \/>\nArce, se explay\u00f3 en la denuncia que junto con ATE se hizo por \u00abla continuidad de la percepci\u00f3n indebida de haberes jubilatorios\u00bb de Jorge Garramu\u00f1o.<\/p>\n","protected":false},"excerpt":{"rendered":"<p>Desde el SUTEF, Ra\u00fal Arce resumi\u00f3 la resoluci\u00f3n del congreso celebrado el jueves. Se resolvi\u00f3 inicialmente solidarizarse con Ulises Barr\u00eda quien fuera detenido al intentar manifestarse antes de un acto p\u00fablico: \u00abayer conoc\u00edamos el parte m\u00e9dico de rotura de ligamentos y esguince, adem\u00e1s de la rotura de anteojos recetados y el mal pasar que tuvo [&hellip;]<\/p>\n","protected":false},"author":7,"featured_media":0,"comment_status":"open","ping_status":"open","sticky":false,"template":"","format":"standard","meta":{"footnotes":""},"categories":[633],"tags":[427,10,305,31],"class_list":["post-1781","post","type-post","status-publish","format-standard","hentry","category-fm-fria","tag-arce","tag-ate","tag-cta","tag-sutef"],"_links":{"self":[{"href":"https:\/\/archivosonoro.com.ar\/wordpress\/index.php?rest_route=\/wp\/v2\/posts\/1781","targetHints":{"allow":["GET"]}}],"collection":[{"href":"https:\/\/archivosonoro.com.ar\/wordpress\/index.php?rest_route=\/wp\/v2\/posts"}],"about":[{"href":"https:\/\/archivosonoro.com.ar\/wordpress\/index.php?rest_route=\/wp\/v2\/types\/post"}],"author":[{"embeddable":true,"href":"https:\/\/archivosonoro.com.ar\/wordpress\/index.php?rest_route=\/wp\/v2\/users\/7"}],"replies":[{"embeddable":true,"href":"https:\/\/archivosonoro.com.ar\/wordpress\/index.php?rest_route=%2Fwp%2Fv2%2Fcomments&post=1781"}],"version-history":[{"count":3,"href":"https:\/\/archivosonoro.com.ar\/wordpress\/index.php?rest_route=\/wp\/v2\/posts\/1781\/revisions"}],"predecessor-version":[{"id":2032,"href":"https:\/\/archivosonoro.com.ar\/wordpress\/index.php?rest_route=\/wp\/v2\/posts\/1781\/revisions\/2032"}],"wp:attachment":[{"href":"https:\/\/archivosonoro.com.ar\/wordpress\/index.php?rest_route=%2Fwp%2Fv2%2Fmedia&parent=1781"}],"wp:term":[{"taxonomy":"category","embeddable":true,"href":"https:\/\/archivosonoro.com.ar\/wordpress\/index.php?rest_route=%2Fwp%2Fv2%2Fcategories&post=1781"},{"taxonomy":"post_tag","embeddable":true,"href":"https:\/\/archivosonoro.com.ar\/wordpress\/index.php?rest_route=%2Fwp%2Fv2%2Ftags&post=1781"}],"curies":[{"name":"wp","href":"https:\/\/api.w.org\/{rel}","templated":true}]}}