{"id":1769,"date":"2012-06-06T11:33:38","date_gmt":"2012-06-06T14:33:38","guid":{"rendered":"http:\/\/archivosonoro.com.ar\/?p=1769"},"modified":"2012-06-06T11:33:38","modified_gmt":"2012-06-06T14:33:38","slug":"montero-m-comparando-en-el-contexto-nacional-estamos-muy-bien","status":"publish","type":"post","link":"https:\/\/archivosonoro.com.ar\/wordpress\/?p=1769","title":{"rendered":"Montero M: Comparando en el contexto nacional, \u00abestamos muy bien\u00bb."},"content":{"rendered":"<p>Ante el reclamo de El Comedor de Mar\u00eda de R\u00edo Grande, la Ministra de Desarrollo Social confirm\u00f3 que desde el Ministerio \u00abno damos asistencia a comedores\u00bb, anunciando que pr\u00f3ximamente se est\u00e1 haciendo una donaci\u00f3n muy importante a trav\u00e9s de Telekino que por ser una gran cantidad de alimentos secos se compartir\u00e1 entre varias instituciones.<br \/>\nMarisa Montero respondi\u00f3 sobre el reclamo de los trabajadores que reclaman la aplicaci\u00f3n de un item, un adicional. Dijo que espera que se solucione este fin de semana porque se viene prolongando en el tiempo.<br \/>\nEn FM Ritual dijo que la situaci\u00f3n econ\u00f3mica del ministerio en comparaci\u00f3n con otras provincias es de \u00abun delicado equilibrio\u00bb y se\u00f1al\u00f3 que \u00abestamos muy bien\u00bb si analizamos la cuesti\u00f3n en el contexto nacional.<\/p>\n","protected":false},"excerpt":{"rendered":"<p>Ante el reclamo de El Comedor de Mar\u00eda de R\u00edo Grande, la Ministra de Desarrollo Social confirm\u00f3 que desde el Ministerio \u00abno damos asistencia a comedores\u00bb, anunciando que pr\u00f3ximamente se est\u00e1 haciendo una donaci\u00f3n muy importante a trav\u00e9s de Telekino que por ser una gran cantidad de alimentos secos se compartir\u00e1 entre varias instituciones. Marisa [&hellip;]<\/p>\n","protected":false},"author":7,"featured_media":0,"comment_status":"open","ping_status":"open","sticky":false,"template":"","format":"standard","meta":{"footnotes":""},"categories":[542],"tags":[323],"class_list":["post-1769","post","type-post","status-publish","format-standard","hentry","category-fm-ritual","tag-montero"],"_links":{"self":[{"href":"https:\/\/archivosonoro.com.ar\/wordpress\/index.php?rest_route=\/wp\/v2\/posts\/1769","targetHints":{"allow":["GET"]}}],"collection":[{"href":"https:\/\/archivosonoro.com.ar\/wordpress\/index.php?rest_route=\/wp\/v2\/posts"}],"about":[{"href":"https:\/\/archivosonoro.com.ar\/wordpress\/index.php?rest_route=\/wp\/v2\/types\/post"}],"author":[{"embeddable":true,"href":"https:\/\/archivosonoro.com.ar\/wordpress\/index.php?rest_route=\/wp\/v2\/users\/7"}],"replies":[{"embeddable":true,"href":"https:\/\/archivosonoro.com.ar\/wordpress\/index.php?rest_route=%2Fwp%2Fv2%2Fcomments&post=1769"}],"version-history":[{"count":1,"href":"https:\/\/archivosonoro.com.ar\/wordpress\/index.php?rest_route=\/wp\/v2\/posts\/1769\/revisions"}],"predecessor-version":[{"id":1771,"href":"https:\/\/archivosonoro.com.ar\/wordpress\/index.php?rest_route=\/wp\/v2\/posts\/1769\/revisions\/1771"}],"wp:attachment":[{"href":"https:\/\/archivosonoro.com.ar\/wordpress\/index.php?rest_route=%2Fwp%2Fv2%2Fmedia&parent=1769"}],"wp:term":[{"taxonomy":"category","embeddable":true,"href":"https:\/\/archivosonoro.com.ar\/wordpress\/index.php?rest_route=%2Fwp%2Fv2%2Fcategories&post=1769"},{"taxonomy":"post_tag","embeddable":true,"href":"https:\/\/archivosonoro.com.ar\/wordpress\/index.php?rest_route=%2Fwp%2Fv2%2Ftags&post=1769"}],"curies":[{"name":"wp","href":"https:\/\/api.w.org\/{rel}","templated":true}]}}