{"id":1763,"date":"2012-06-06T02:31:19","date_gmt":"2012-06-06T05:31:19","guid":{"rendered":"http:\/\/archivosonoro.com.ar\/?p=1763"},"modified":"2012-06-06T02:31:19","modified_gmt":"2012-06-06T05:31:19","slug":"la-camara-de-comercio-se-reunio-para-evaluar-la-situacion-de-los-comerciantes-de-rio-grande","status":"publish","type":"post","link":"https:\/\/archivosonoro.com.ar\/wordpress\/?p=1763","title":{"rendered":"La C\u00e1mara de Comercio se reuni\u00f3 para evaluar la situaci\u00f3n de los comerciantes de R\u00edo Grande."},"content":{"rendered":"<p>La C\u00e1mara de Comercio de R\u00edo Grande se reuni\u00f3 con los asociados y se plante\u00f3 la preocupaci\u00f3n por la ca\u00edda en las ventas, el incremento de los costos, el nivel inflacionario y el tema laboral. La quita de los beneficios de la Ley 19640 a las petroleras \u00abes un tema que ha dejado de lado todo aquello que ten\u00eda que ver con la inversi\u00f3n y la expectativa de negocio a futuro\u00bb, afirm\u00f3 Gabriel Clementino en FM Universidad.<br \/>\nEl Vicepresidente de la C\u00e1mara de Comercio, reclam\u00f3 una estrategia comunicacional en relaci\u00f3n a la Ley 19640: \u00abesto no es un tema para que arranquen 4 lun\u00e1ticos y salgan a decir que los beneficios de la Ley no le llegan a la gente porque si sacan la Ley te puedo asegurar que nos vamos a dar cuenta de todos los beneficios que nos trae y no nos damos cuenta\u00bb.<br \/>\nClementino dijo que el acuerdo salarial alcanzado en paritarias nacionales para los trabajadores mercantiles \u00abse est\u00e1 tratando de cerrar\u00bb en R\u00edo Grande y resalt\u00f3 la situaci\u00f3n por la que atraviesan los comercios.<\/p>\n","protected":false},"excerpt":{"rendered":"<p>La C\u00e1mara de Comercio de R\u00edo Grande se reuni\u00f3 con los asociados y se plante\u00f3 la preocupaci\u00f3n por la ca\u00edda en las ventas, el incremento de los costos, el nivel inflacionario y el tema laboral. La quita de los beneficios de la Ley 19640 a las petroleras \u00abes un tema que ha dejado de lado [&hellip;]<\/p>\n","protected":false},"author":7,"featured_media":0,"comment_status":"open","ping_status":"open","sticky":false,"template":"","format":"standard","meta":{"footnotes":""},"categories":[543],"tags":[603],"class_list":["post-1763","post","type-post","status-publish","format-standard","hentry","category-fm-universidad","tag-clementino"],"_links":{"self":[{"href":"https:\/\/archivosonoro.com.ar\/wordpress\/index.php?rest_route=\/wp\/v2\/posts\/1763","targetHints":{"allow":["GET"]}}],"collection":[{"href":"https:\/\/archivosonoro.com.ar\/wordpress\/index.php?rest_route=\/wp\/v2\/posts"}],"about":[{"href":"https:\/\/archivosonoro.com.ar\/wordpress\/index.php?rest_route=\/wp\/v2\/types\/post"}],"author":[{"embeddable":true,"href":"https:\/\/archivosonoro.com.ar\/wordpress\/index.php?rest_route=\/wp\/v2\/users\/7"}],"replies":[{"embeddable":true,"href":"https:\/\/archivosonoro.com.ar\/wordpress\/index.php?rest_route=%2Fwp%2Fv2%2Fcomments&post=1763"}],"version-history":[{"count":1,"href":"https:\/\/archivosonoro.com.ar\/wordpress\/index.php?rest_route=\/wp\/v2\/posts\/1763\/revisions"}],"predecessor-version":[{"id":1764,"href":"https:\/\/archivosonoro.com.ar\/wordpress\/index.php?rest_route=\/wp\/v2\/posts\/1763\/revisions\/1764"}],"wp:attachment":[{"href":"https:\/\/archivosonoro.com.ar\/wordpress\/index.php?rest_route=%2Fwp%2Fv2%2Fmedia&parent=1763"}],"wp:term":[{"taxonomy":"category","embeddable":true,"href":"https:\/\/archivosonoro.com.ar\/wordpress\/index.php?rest_route=%2Fwp%2Fv2%2Fcategories&post=1763"},{"taxonomy":"post_tag","embeddable":true,"href":"https:\/\/archivosonoro.com.ar\/wordpress\/index.php?rest_route=%2Fwp%2Fv2%2Ftags&post=1763"}],"curies":[{"name":"wp","href":"https:\/\/api.w.org\/{rel}","templated":true}]}}