{"id":1722,"date":"2012-06-03T23:34:54","date_gmt":"2012-06-04T02:34:54","guid":{"rendered":"http:\/\/archivosonoro.com.ar\/?p=1722"},"modified":"2012-06-03T23:34:54","modified_gmt":"2012-06-04T02:34:54","slug":"guillen-a-no-voy-a-dejar-de-luchar-para-que-no-nos-quiten-un-peso","status":"publish","type":"post","link":"https:\/\/archivosonoro.com.ar\/wordpress\/?p=1722","title":{"rendered":"Guill\u00e9n A: \u00abNo voy a dejar de luchar para que no nos quiten un peso\u00bb."},"content":{"rendered":"<p>El Concejal riograndense Alfredo Guill\u00e9n manifest\u00f3 su preocupaci\u00f3n por el avance que pretende el gobierno provincial sobre la coparticipaci\u00f3n de los municipios: \u00abno voy a dejar de luchar para que no nos quiten un peso de lo que es la coparticipaci\u00f3n de nuestra ciudad y de cobrar los 41 millones de pesos que le est\u00e1 debiendo el gobierno de la provincia a este municipio\u00bb, asegur\u00f3.<br \/>\nEn declaraciones a \u00abEl correo de los s\u00e1bados\u00bb, el radical dijo que el gran beneficiado con una negociaci\u00f3n de las caracter\u00edsticas que se proponen es el gobierno que es \u00abel gran deudor de esta provincia que debe en el IPAUSS, debe a los municipios, debe en todos lados, y a partir de aqu\u00ed ya no es m\u00e1s deudor de nada y los municipios pasar\u00edan a ser los grandes deudores y se fundir\u00eda toda la provincia\u00bb. A\u00f1adi\u00f3 que si se saca ese dinero que se proyecta a los municipios habr\u00e1 que ver como se recortan los servicios que se brindan y no alcanzar\u00e1 para pagar sueldos por lo que habr\u00e1 que echar empleados.<br \/>\nAdem\u00e1s, Guill\u00e9n critic\u00f3 el gasto de la provincia y \u00abel pago de horas c\u00e1tedra a gente que no hace horas c\u00e1tedra\u00bb.<\/p>\n","protected":false},"excerpt":{"rendered":"<p>El Concejal riograndense Alfredo Guill\u00e9n manifest\u00f3 su preocupaci\u00f3n por el avance que pretende el gobierno provincial sobre la coparticipaci\u00f3n de los municipios: \u00abno voy a dejar de luchar para que no nos quiten un peso de lo que es la coparticipaci\u00f3n de nuestra ciudad y de cobrar los 41 millones de pesos que le est\u00e1 [&hellip;]<\/p>\n","protected":false},"author":7,"featured_media":0,"comment_status":"open","ping_status":"open","sticky":false,"template":"","format":"standard","meta":{"footnotes":""},"categories":[14],"tags":[625],"class_list":["post-1722","post","type-post","status-publish","format-standard","hentry","category-fm-del-sol","tag-guillen"],"_links":{"self":[{"href":"https:\/\/archivosonoro.com.ar\/wordpress\/index.php?rest_route=\/wp\/v2\/posts\/1722","targetHints":{"allow":["GET"]}}],"collection":[{"href":"https:\/\/archivosonoro.com.ar\/wordpress\/index.php?rest_route=\/wp\/v2\/posts"}],"about":[{"href":"https:\/\/archivosonoro.com.ar\/wordpress\/index.php?rest_route=\/wp\/v2\/types\/post"}],"author":[{"embeddable":true,"href":"https:\/\/archivosonoro.com.ar\/wordpress\/index.php?rest_route=\/wp\/v2\/users\/7"}],"replies":[{"embeddable":true,"href":"https:\/\/archivosonoro.com.ar\/wordpress\/index.php?rest_route=%2Fwp%2Fv2%2Fcomments&post=1722"}],"version-history":[{"count":1,"href":"https:\/\/archivosonoro.com.ar\/wordpress\/index.php?rest_route=\/wp\/v2\/posts\/1722\/revisions"}],"predecessor-version":[{"id":1723,"href":"https:\/\/archivosonoro.com.ar\/wordpress\/index.php?rest_route=\/wp\/v2\/posts\/1722\/revisions\/1723"}],"wp:attachment":[{"href":"https:\/\/archivosonoro.com.ar\/wordpress\/index.php?rest_route=%2Fwp%2Fv2%2Fmedia&parent=1722"}],"wp:term":[{"taxonomy":"category","embeddable":true,"href":"https:\/\/archivosonoro.com.ar\/wordpress\/index.php?rest_route=%2Fwp%2Fv2%2Fcategories&post=1722"},{"taxonomy":"post_tag","embeddable":true,"href":"https:\/\/archivosonoro.com.ar\/wordpress\/index.php?rest_route=%2Fwp%2Fv2%2Ftags&post=1722"}],"curies":[{"name":"wp","href":"https:\/\/api.w.org\/{rel}","templated":true}]}}