{"id":1708,"date":"2012-05-31T12:26:25","date_gmt":"2012-05-31T15:26:25","guid":{"rendered":"http:\/\/archivosonoro.com.ar\/?p=1708"},"modified":"2012-05-31T12:26:25","modified_gmt":"2012-05-31T15:26:25","slug":"augsburguer-l-no-participe-en-la-convencion-constituyente-para-que-la-justicia-sea-la-rueda-de-auxilio-del-poder-politico","status":"publish","type":"post","link":"https:\/\/archivosonoro.com.ar\/wordpress\/?p=1708","title":{"rendered":"Augsburguer L: \u00abNo particip\u00e9 en la Convenci\u00f3n Constituyente para que la Justicia sea la rueda de auxilio del Poder Pol\u00edtico\u00bb."},"content":{"rendered":"<p>Luis Augsburguer emiti\u00f3 algunas consideraciones sobre un nuevo aniversario de la provincia. Dijo que no participar\u00e1 de los actos \u00abporque se me hace muy dif\u00edcil tolerar la hipocres\u00eda (&#8230;) no tengo capacidad como para saludar a ciertos personajes de la provincia a quienes detesto y creo que le est\u00e1n haciendo mucho da\u00f1o\u00bb.<br \/>\nEn declaraciones a FM Universidad, afirm\u00f3 que no particip\u00f3 en la Convenci\u00f3n Constituyente para que los hospitales no tengan vendas, para que las escuelas se caigan abajo, para que los empleados vivan en constante reclamo para mejorar su calidad de vida, para que la justicia sea la rueda de auxilio del poder pol\u00edtico, para que los legisladores se pongan vi\u00e1ticos cuando salgan de Ushuaia.<\/p>\n","protected":false},"excerpt":{"rendered":"<p>Luis Augsburguer emiti\u00f3 algunas consideraciones sobre un nuevo aniversario de la provincia. Dijo que no participar\u00e1 de los actos \u00abporque se me hace muy dif\u00edcil tolerar la hipocres\u00eda (&#8230;) no tengo capacidad como para saludar a ciertos personajes de la provincia a quienes detesto y creo que le est\u00e1n haciendo mucho da\u00f1o\u00bb. En declaraciones a [&hellip;]<\/p>\n","protected":false},"author":7,"featured_media":0,"comment_status":"open","ping_status":"open","sticky":false,"template":"","format":"standard","meta":{"footnotes":""},"categories":[543],"tags":[32],"class_list":["post-1708","post","type-post","status-publish","format-standard","hentry","category-fm-universidad","tag-augsburguer"],"_links":{"self":[{"href":"https:\/\/archivosonoro.com.ar\/wordpress\/index.php?rest_route=\/wp\/v2\/posts\/1708","targetHints":{"allow":["GET"]}}],"collection":[{"href":"https:\/\/archivosonoro.com.ar\/wordpress\/index.php?rest_route=\/wp\/v2\/posts"}],"about":[{"href":"https:\/\/archivosonoro.com.ar\/wordpress\/index.php?rest_route=\/wp\/v2\/types\/post"}],"author":[{"embeddable":true,"href":"https:\/\/archivosonoro.com.ar\/wordpress\/index.php?rest_route=\/wp\/v2\/users\/7"}],"replies":[{"embeddable":true,"href":"https:\/\/archivosonoro.com.ar\/wordpress\/index.php?rest_route=%2Fwp%2Fv2%2Fcomments&post=1708"}],"version-history":[{"count":1,"href":"https:\/\/archivosonoro.com.ar\/wordpress\/index.php?rest_route=\/wp\/v2\/posts\/1708\/revisions"}],"predecessor-version":[{"id":1709,"href":"https:\/\/archivosonoro.com.ar\/wordpress\/index.php?rest_route=\/wp\/v2\/posts\/1708\/revisions\/1709"}],"wp:attachment":[{"href":"https:\/\/archivosonoro.com.ar\/wordpress\/index.php?rest_route=%2Fwp%2Fv2%2Fmedia&parent=1708"}],"wp:term":[{"taxonomy":"category","embeddable":true,"href":"https:\/\/archivosonoro.com.ar\/wordpress\/index.php?rest_route=%2Fwp%2Fv2%2Fcategories&post=1708"},{"taxonomy":"post_tag","embeddable":true,"href":"https:\/\/archivosonoro.com.ar\/wordpress\/index.php?rest_route=%2Fwp%2Fv2%2Ftags&post=1708"}],"curies":[{"name":"wp","href":"https:\/\/api.w.org\/{rel}","templated":true}]}}