{"id":1695,"date":"2012-05-30T11:17:58","date_gmt":"2012-05-30T14:17:58","guid":{"rendered":"http:\/\/archivosonoro.com.ar\/?p=1695"},"modified":"2012-05-30T11:17:58","modified_gmt":"2012-05-30T14:17:58","slug":"nogar-a-la-gobernadora-no-habla-de-aca-para-adelante","status":"publish","type":"post","link":"https:\/\/archivosonoro.com.ar\/wordpress\/?p=1695","title":{"rendered":"Nogar A: \u00abLa gobernadora no habla de ac\u00e1 para adelante\u00bb."},"content":{"rendered":"<p>Luego de reunirse ayer con la gobernadora Rios, el Concejal de R\u00edo Grande, Alejandro Nogar dijo que \u00abplantea una deuda que se gener\u00f3 hasta el momento por esa Ley, no habla de ac\u00e1 para adelante\u00bb y que el gobierno pasar\u00eda de ser deudor a ser acreedor.  En declaraciones a FM Ritual, opin\u00f3 que hay dudas si la deuda est\u00e1 o no est\u00e1 y destac\u00f3 que la gobernadora dej\u00f3 en claro que no va a ahogar a los municipios. Expres\u00f3 que para definir una postura habr\u00e1 que hacer una reuni\u00f3n con la mandataria y el intendente porque \u00abnosotros vinimos con una idea y cuando llegamos ac\u00e1 era distinta\u00bb, a\u00f1adiendo: \u00abqueremos tener a los dos actores juntos para definirlo\u00bb.<\/p>\n","protected":false},"excerpt":{"rendered":"<p>Luego de reunirse ayer con la gobernadora Rios, el Concejal de R\u00edo Grande, Alejandro Nogar dijo que \u00abplantea una deuda que se gener\u00f3 hasta el momento por esa Ley, no habla de ac\u00e1 para adelante\u00bb y que el gobierno pasar\u00eda de ser deudor a ser acreedor. En declaraciones a FM Ritual, opin\u00f3 que hay dudas [&hellip;]<\/p>\n","protected":false},"author":7,"featured_media":0,"comment_status":"open","ping_status":"open","sticky":false,"template":"","format":"standard","meta":{"footnotes":""},"categories":[542],"tags":[64,33],"class_list":["post-1695","post","type-post","status-publish","format-standard","hentry","category-fm-ritual","tag-nogar","tag-rios"],"_links":{"self":[{"href":"https:\/\/archivosonoro.com.ar\/wordpress\/index.php?rest_route=\/wp\/v2\/posts\/1695","targetHints":{"allow":["GET"]}}],"collection":[{"href":"https:\/\/archivosonoro.com.ar\/wordpress\/index.php?rest_route=\/wp\/v2\/posts"}],"about":[{"href":"https:\/\/archivosonoro.com.ar\/wordpress\/index.php?rest_route=\/wp\/v2\/types\/post"}],"author":[{"embeddable":true,"href":"https:\/\/archivosonoro.com.ar\/wordpress\/index.php?rest_route=\/wp\/v2\/users\/7"}],"replies":[{"embeddable":true,"href":"https:\/\/archivosonoro.com.ar\/wordpress\/index.php?rest_route=%2Fwp%2Fv2%2Fcomments&post=1695"}],"version-history":[{"count":1,"href":"https:\/\/archivosonoro.com.ar\/wordpress\/index.php?rest_route=\/wp\/v2\/posts\/1695\/revisions"}],"predecessor-version":[{"id":1696,"href":"https:\/\/archivosonoro.com.ar\/wordpress\/index.php?rest_route=\/wp\/v2\/posts\/1695\/revisions\/1696"}],"wp:attachment":[{"href":"https:\/\/archivosonoro.com.ar\/wordpress\/index.php?rest_route=%2Fwp%2Fv2%2Fmedia&parent=1695"}],"wp:term":[{"taxonomy":"category","embeddable":true,"href":"https:\/\/archivosonoro.com.ar\/wordpress\/index.php?rest_route=%2Fwp%2Fv2%2Fcategories&post=1695"},{"taxonomy":"post_tag","embeddable":true,"href":"https:\/\/archivosonoro.com.ar\/wordpress\/index.php?rest_route=%2Fwp%2Fv2%2Ftags&post=1695"}],"curies":[{"name":"wp","href":"https:\/\/api.w.org\/{rel}","templated":true}]}}